{"id":63495,"date":"2024-02-16T06:48:27","date_gmt":"2024-02-16T10:48:27","guid":{"rendered":"https:\/\/jms.com.bo\/mediamonitor\/2024\/02\/16\/ante-crisis-climatica-colectivos-piden-politicas-para-cuidar-el-agua-y-la-biodiversidad\/"},"modified":"2024-02-16T06:48:27","modified_gmt":"2024-02-16T10:48:27","slug":"ante-crisis-climatica-colectivos-piden-politicas-para-cuidar-el-agua-y-la-biodiversidad","status":"publish","type":"post","link":"https:\/\/jms.com.bo\/mediamonitor\/2024\/02\/16\/ante-crisis-climatica-colectivos-piden-politicas-para-cuidar-el-agua-y-la-biodiversidad\/","title":{"rendered":"Ante crisis clim\u00e1tica, colectivos piden pol\u00edticas para cuidar el agua y la biodiversidad"},"content":{"rendered":"<p style=\"text-align: justify;\">Ante la crisis clim\u00e1tica, diferentes colectivos ciudadanos piden a las autoridades que se gestionen pol\u00edticas para el cuidado del agua y de la biodiversidad.<\/p>\n<p style=\"text-align: justify;\">La problem\u00e1tica de Cochabamba ser\u00e1 abordada en jornadas denominadas \u201cEcojornadas\u201d. Uno de los impulsores, Le\u00f3n Galindo, explic\u00f3 que esta actividad tiene la finalidad de reunir a expertos, j\u00f3venes y otros sectores sociales y exponer la crisis clim\u00e1tica.<\/p>\n<p style=\"text-align: justify;\">Ayer, se realiz\u00f3 el primer encuentro, hoy fue la Universidad Mayor de San Sim\u00f3n (UMSS) y ma\u00f1ana estar\u00e1n a las 10:00 en ambientes de la Direcci\u00f3n de Interacci\u00f3n Social Universitaria (DISU) de la UMSS.<\/p>\n<p style=\"text-align: justify;\">\u201cEstamos destruyendo a nuestra naturaleza. Somos tan rico en biodiversidad, pero estamos en el camino a la destrucci\u00f3n. Necesitamos cambiar de estrategia y requerimos la participaci\u00f3n de todos los sectores\u201d, indic\u00f3 Galindo.<\/p>\n","protected":false},"excerpt":{"rendered":"<p>Ante la crisis clim\u00e1tica, diferentes colectivos ciudadanos piden a las autoridades que se gestionen pol\u00edticas para el cuidado del agua y de la biodiversidad. La problem\u00e1tica de Cochabamba ser\u00e1 abordada en jornadas denominadas \u201cEcojornadas\u201d. Uno de los impulsores, Le\u00f3n Galindo, explic\u00f3 que esta actividad tiene la finalidad de reunir a expertos, j\u00f3venes y otros sectores [&hellip;]<\/p>\n","protected":false},"author":4,"featured_media":63496,"comment_status":"open","ping_status":"closed","sticky":false,"template":"","format":"standard","meta":{"footnotes":""},"categories":[20],"tags":[],"class_list":{"0":"post-63495","1":"post","2":"type-post","3":"status-publish","4":"format-standard","5":"has-post-thumbnail","7":"category-actualidad"},"_links":{"self":[{"href":"https:\/\/jms.com.bo\/mediamonitor\/wp-json\/wp\/v2\/posts\/63495","targetHints":{"allow":["GET"]}}],"collection":[{"href":"https:\/\/jms.com.bo\/mediamonitor\/wp-json\/wp\/v2\/posts"}],"about":[{"href":"https:\/\/jms.com.bo\/mediamonitor\/wp-json\/wp\/v2\/types\/post"}],"author":[{"embeddable":true,"href":"https:\/\/jms.com.bo\/mediamonitor\/wp-json\/wp\/v2\/users\/4"}],"replies":[{"embeddable":true,"href":"https:\/\/jms.com.bo\/mediamonitor\/wp-json\/wp\/v2\/comments?post=63495"}],"version-history":[{"count":0,"href":"https:\/\/jms.com.bo\/mediamonitor\/wp-json\/wp\/v2\/posts\/63495\/revisions"}],"wp:featuredmedia":[{"embeddable":true,"href":"https:\/\/jms.com.bo\/mediamonitor\/wp-json\/wp\/v2\/media\/63496"}],"wp:attachment":[{"href":"https:\/\/jms.com.bo\/mediamonitor\/wp-json\/wp\/v2\/media?parent=63495"}],"wp:term":[{"taxonomy":"category","embeddable":true,"href":"https:\/\/jms.com.bo\/mediamonitor\/wp-json\/wp\/v2\/categories?post=63495"},{"taxonomy":"post_tag","embeddable":true,"href":"https:\/\/jms.com.bo\/mediamonitor\/wp-json\/wp\/v2\/tags?post=63495"}],"curies":[{"name":"wp","href":"https:\/\/api.w.org\/{rel}","templated":true}]}}