{"id":63499,"date":"2024-02-16T06:51:18","date_gmt":"2024-02-16T10:51:18","guid":{"rendered":"https:\/\/jms.com.bo\/mediamonitor\/2024\/02\/16\/el-mas-evista-y-cc-pediran-que-leyes-antiprorroga-se-debatan-este-viernes-en-sesion-de-la-asamblea\/"},"modified":"2024-02-16T06:51:18","modified_gmt":"2024-02-16T10:51:18","slug":"el-mas-evista-y-cc-pediran-que-leyes-antiprorroga-se-debatan-este-viernes-en-sesion-de-la-asamblea","status":"publish","type":"post","link":"https:\/\/jms.com.bo\/mediamonitor\/2024\/02\/16\/el-mas-evista-y-cc-pediran-que-leyes-antiprorroga-se-debatan-este-viernes-en-sesion-de-la-asamblea\/","title":{"rendered":"El MAS evista y CC pedir\u00e1n que leyes antipr\u00f3rroga se debatan este viernes en sesi\u00f3n de la Asamblea"},"content":{"rendered":"<p style=\"text-align: justify;\">Desde el bloque evista del MAS y la alianza opositora CC se pedir\u00e1 en la sesi\u00f3n de la Asamblea Legislativa de este viernes, modificar el orden del d\u00eda y abordar los proyectos de ley 073 (suspensi\u00f3n de plazos procesales) y 075 (cesaci\u00f3n a los magistrados), adem\u00e1s del proyecto de convocatoria para la preselecci\u00f3n de candidatos rumbo a las judiciales.<\/p>\n<p style=\"text-align: justify;\">La presidenta de la Comisi\u00f3n de Constituci\u00f3n en la C\u00e1mara de Senadores, Patricia Arce, del Movimiento Al Socialismo (MAS), se\u00f1al\u00f3 que se pedir\u00e1 en la sesi\u00f3n del pleno, \u201ccomo algo adicional\u201d, cambiar el orden del d\u00eda para que se puedan tratar las leyes antipr\u00f3rroga.<\/p>\n<p style=\"text-align: justify;\">\u201cLa pr\u00f3rroga de estos autoproclamados, ese d\u00eda (viernes) tambi\u00e9n vamos a pedir que se pueda tratar y que sea el pleno que pueda aprobar de una vez. Es algo pendiente que se tiene y es el acuerdo que se ha tenido (con las tres fuerzas pol\u00edticas)\u201d, manifest\u00f3.<\/p>\n<p style=\"text-align: justify;\">En esa l\u00ednea, el presidente de bancada de Comunidad Ciudadana (CC) en la C\u00e1mara de Diputados, Enrique Urquidi, dijo que se solicitar\u00e1 \u201cde manera expresa\u201d que de una vez no solo se allane la convocatoria a las judiciales, sino tambi\u00e9n se consideren los proyectos de ley 073 y 075, debate pospuesto sin fecha en la C\u00e1mara Baja.<\/p>\n<p style=\"text-align: justify;\">\u201cUna vez que se convoque (a sesi\u00f3n) nos vamos a reunir la bancada de senadores y diputados, vamos a hacer una evaluaci\u00f3n y ah\u00ed asumiremos una posici\u00f3n definitiva\u201d, adelant\u00f3.<\/p>\n<p style=\"text-align: justify;\">El mi\u00e9rcoles, la Comisi\u00f3n Mixta de Constituci\u00f3n aprob\u00f3 por unanimidad la convocatoria para postulantes a las judiciales. El informe fue remitido este jueves al presidente nato de la Asamblea, David Choquehuanca, quien convoc\u00f3 a sesi\u00f3n ordinaria para este viernes a las 14.30, para tratar el documento.<\/p>\n<p style=\"text-align: justify;\">En tanto, Leonardo Ayala, jefe de bancada de Creemos en Diputados, indic\u00f3 que quienes quieran introducir otro tema que no sea la convocatoria a las judiciales empantanar\u00e1n la sesi\u00f3n. \u201cAquellos que quieran inmiscuirse en la Asamblea en otro tema, estar\u00edan trabando la Asamblea y estar\u00edan actuando como mercenarios de Evo Morales\u201d.<\/p>\n<p style=\"text-align: justify;\">A\u00f1adi\u00f3 que se tiene que dar certeza al pa\u00eds y aprobar por unanimidad la convocatoria para que se comience el proceso, que requiere la publicaci\u00f3n del documento el fin de semana, y as\u00ed comenzar con el registro de postulantes desde el martes.<\/p>\n","protected":false},"excerpt":{"rendered":"<p>Desde el bloque evista del MAS y la alianza opositora CC se pedir\u00e1 en la sesi\u00f3n de la Asamblea Legislativa de este viernes, modificar el orden del d\u00eda y abordar los proyectos de ley 073 (suspensi\u00f3n de plazos procesales) y 075 (cesaci\u00f3n a los magistrados), adem\u00e1s del proyecto de convocatoria para la preselecci\u00f3n de candidatos [&hellip;]<\/p>\n","protected":false},"author":4,"featured_media":63500,"comment_status":"open","ping_status":"closed","sticky":false,"template":"","format":"standard","meta":{"footnotes":""},"categories":[18],"tags":[],"class_list":{"0":"post-63499","1":"post","2":"type-post","3":"status-publish","4":"format-standard","5":"has-post-thumbnail","7":"category-politica"},"_links":{"self":[{"href":"https:\/\/jms.com.bo\/mediamonitor\/wp-json\/wp\/v2\/posts\/63499","targetHints":{"allow":["GET"]}}],"collection":[{"href":"https:\/\/jms.com.bo\/mediamonitor\/wp-json\/wp\/v2\/posts"}],"about":[{"href":"https:\/\/jms.com.bo\/mediamonitor\/wp-json\/wp\/v2\/types\/post"}],"author":[{"embeddable":true,"href":"https:\/\/jms.com.bo\/mediamonitor\/wp-json\/wp\/v2\/users\/4"}],"replies":[{"embeddable":true,"href":"https:\/\/jms.com.bo\/mediamonitor\/wp-json\/wp\/v2\/comments?post=63499"}],"version-history":[{"count":0,"href":"https:\/\/jms.com.bo\/mediamonitor\/wp-json\/wp\/v2\/posts\/63499\/revisions"}],"wp:featuredmedia":[{"embeddable":true,"href":"https:\/\/jms.com.bo\/mediamonitor\/wp-json\/wp\/v2\/media\/63500"}],"wp:attachment":[{"href":"https:\/\/jms.com.bo\/mediamonitor\/wp-json\/wp\/v2\/media?parent=63499"}],"wp:term":[{"taxonomy":"category","embeddable":true,"href":"https:\/\/jms.com.bo\/mediamonitor\/wp-json\/wp\/v2\/categories?post=63499"},{"taxonomy":"post_tag","embeddable":true,"href":"https:\/\/jms.com.bo\/mediamonitor\/wp-json\/wp\/v2\/tags?post=63499"}],"curies":[{"name":"wp","href":"https:\/\/api.w.org\/{rel}","templated":true}]}}