{"id":63501,"date":"2024-02-16T06:52:47","date_gmt":"2024-02-16T10:52:47","guid":{"rendered":"https:\/\/jms.com.bo\/mediamonitor\/2024\/02\/16\/los-industriales-proponen-ley-contra-bloqueos-con-multas-y-penas-de-hasta-8-anos-de-carcel\/"},"modified":"2024-02-16T06:52:47","modified_gmt":"2024-02-16T10:52:47","slug":"los-industriales-proponen-ley-contra-bloqueos-con-multas-y-penas-de-hasta-8-anos-de-carcel","status":"publish","type":"post","link":"https:\/\/jms.com.bo\/mediamonitor\/2024\/02\/16\/los-industriales-proponen-ley-contra-bloqueos-con-multas-y-penas-de-hasta-8-anos-de-carcel\/","title":{"rendered":"Los industriales proponen ley contra bloqueos con multas y penas de hasta 8 a\u00f1os de c\u00e1rcel"},"content":{"rendered":"<p style=\"text-align: justify;\">La C\u00e1mara Nacional de Industrias (CNI) present\u00f3 este jueves un proyecto de ley para modificar el C\u00f3digo Penal e incorporar el delito de \u201cobstrucci\u00f3n de v\u00edas p\u00fablicas\u201d, y as\u00ed castigar los bloqueos y el vandalismo con c\u00e1rcel y multas econ\u00f3micas.<\/p>\n<p style=\"text-align: justify;\">El presidente de la CNI, Pablo Camacho, explic\u00f3 que los bloqueos generan grandes p\u00e9rdidas econ\u00f3micas en todos los sectores y la poblaci\u00f3n, por lo que es necesario sancionarlos.<\/p>\n<p style=\"text-align: justify;\">La propuesta, seg\u00fan Camacho, busca que Bolivia salga de un \u201cciclo destructivo\u201d que ahuyenta las inversiones y alimenta la desigualdad y el desempleo.<\/p>\n<p style=\"text-align: justify;\">\u201cEste Gobierno y los pr\u00f3ximos gobiernos qu\u00e9 van a heredar; una Bolivia inviable, creo que este es el momento de reflexionar. Creo que debemos y nos vemos obligados a penalizar la destrucci\u00f3n, la afectaci\u00f3n a la econom\u00eda. (\u2026) Hoy hemos hecho la presentaci\u00f3n e inmediatamente estamos enviando una copia de los art\u00edculos que deben modificarse a los asamble\u00edstas\u201d, inform\u00f3 Camacho.<\/p>\n<p style=\"text-align: justify;\">Sanciones<\/p>\n<p style=\"text-align: justify;\">El proyecto de ley plantea modificar e incluir art\u00edculos en el C\u00f3digo Penal referentes a la obstrucci\u00f3n de v\u00edas p\u00fablicas y el vandalismo.<\/p>\n<p style=\"text-align: justify;\">Se propone incluir el tipo penal de \u201cobstrucci\u00f3n a v\u00edas p\u00fablicas\u201d, para sancionar con entre cuatro y ocho de c\u00e1rcel, y multa de 60 salarios m\u00ednimos nacionales; a quienes ilegalmente procedan al bloqueo total o parcial de caminos, u obstruyan el libre tr\u00e1nsito de veh\u00edculos, personas o mercader\u00edas por las v\u00edas p\u00fablicas.<\/p>\n<p style=\"text-align: justify;\">Tambi\u00e9n se postula agravar la pena del delito de amenazas en el art\u00edculo 293 C\u00f3digo Penal, para que sea sancionado con entre tres y seis a\u00f1os de prisi\u00f3n, tomando en cuenta que actualmente la sanci\u00f3n es de tres a 18 meses; adem\u00e1s de una multa de 60 salarios m\u00ednimos.<\/p>\n<p style=\"text-align: justify;\">\u201cHoy necesitamos dialogar, no necesitamos bloquear, inviabilizar y afectar al bolsillo de cada uno de los bolivianos\u201d, dijo, en conferencia de prensa.<\/p>\n<p style=\"text-align: justify;\">P\u00e9rdidas por bloqueos<\/p>\n<p style=\"text-align: justify;\">Asimismo, Camacho dijo que en los \u00faltimos 14 a\u00f1os se han contado m\u00e1s de 2.000 bloqueos en el pa\u00eds y solo en 2023 registraron al menos 187 con un promedio de duraci\u00f3n de tres a cuatro jornadas.<\/p>\n<p style=\"text-align: justify;\">Respecto al bloqueo de 15 d\u00edas protagonizado por sectores afines al jefe del Movimiento Al Socialismo (MAS), Evo Morales, el industrial explic\u00f3 que gener\u00f3 p\u00e9rdidas por $us 171 millones en las exportaciones; y $us 122 millones en importaciones de materias primas.<\/p>\n<p style=\"text-align: justify;\">Por su parte, el asesor de la CNI, Hugo Siles, alert\u00f3 que los bloqueos se est\u00e1n constituyendo en una medida que podr\u00eda ahuyentar la inversi\u00f3n extranjera.<\/p>\n<p style=\"text-align: justify;\">\u201cEn los \u00faltimos d\u00edas el pa\u00eds ha experimentado bloqueos que han permitido obstaculizar el libre tr\u00e1nsito, no solo de personas; sino tambi\u00e9n de productos, bienes intermedios y bienes finales. (\u2026) Para nosotros, como industriales, han significado obstrucciones y afectaci\u00f3n por 171 millones de d\u00f3lares a las exportaciones industriales\u201d, asever\u00f3.<\/p>\n<p style=\"text-align: justify;\">Al respecto, el presidente de la C\u00e1mara Nacional de Comercio (CNC), Jaime Ascarrunz, salud\u00f3 la iniciativa de los industriales, remarcando que los bloqueos \u201csabotean\u201d la econom\u00eda.<\/p>\n<p style=\"text-align: justify;\">\u201cNosotros como C\u00e1mara Nacional de Comercio somos uno de los sectores m\u00e1s afectados por los bloqueos. El pa\u00eds est\u00e1 transitando momentos dif\u00edciles, tenemos dificultad con el abastecimiento de combustibles; tenemos problemas para conseguir d\u00f3lares de libre disponibilidad para importaciones; y los bloqueos no dejan que los productos lleguen a mercados internacionales y nos sabotean de manera directa\u201d.<\/p>\n","protected":false},"excerpt":{"rendered":"<p>La C\u00e1mara Nacional de Industrias (CNI) present\u00f3 este jueves un proyecto de ley para modificar el C\u00f3digo Penal e incorporar el delito de \u201cobstrucci\u00f3n de v\u00edas p\u00fablicas\u201d, y as\u00ed castigar los bloqueos y el vandalismo con c\u00e1rcel y multas econ\u00f3micas. El presidente de la CNI, Pablo Camacho, explic\u00f3 que los bloqueos generan grandes p\u00e9rdidas econ\u00f3micas [&hellip;]<\/p>\n","protected":false},"author":4,"featured_media":63502,"comment_status":"open","ping_status":"closed","sticky":false,"template":"","format":"standard","meta":{"footnotes":""},"categories":[18],"tags":[],"class_list":{"0":"post-63501","1":"post","2":"type-post","3":"status-publish","4":"format-standard","5":"has-post-thumbnail","7":"category-politica"},"_links":{"self":[{"href":"https:\/\/jms.com.bo\/mediamonitor\/wp-json\/wp\/v2\/posts\/63501","targetHints":{"allow":["GET"]}}],"collection":[{"href":"https:\/\/jms.com.bo\/mediamonitor\/wp-json\/wp\/v2\/posts"}],"about":[{"href":"https:\/\/jms.com.bo\/mediamonitor\/wp-json\/wp\/v2\/types\/post"}],"author":[{"embeddable":true,"href":"https:\/\/jms.com.bo\/mediamonitor\/wp-json\/wp\/v2\/users\/4"}],"replies":[{"embeddable":true,"href":"https:\/\/jms.com.bo\/mediamonitor\/wp-json\/wp\/v2\/comments?post=63501"}],"version-history":[{"count":0,"href":"https:\/\/jms.com.bo\/mediamonitor\/wp-json\/wp\/v2\/posts\/63501\/revisions"}],"wp:featuredmedia":[{"embeddable":true,"href":"https:\/\/jms.com.bo\/mediamonitor\/wp-json\/wp\/v2\/media\/63502"}],"wp:attachment":[{"href":"https:\/\/jms.com.bo\/mediamonitor\/wp-json\/wp\/v2\/media?parent=63501"}],"wp:term":[{"taxonomy":"category","embeddable":true,"href":"https:\/\/jms.com.bo\/mediamonitor\/wp-json\/wp\/v2\/categories?post=63501"},{"taxonomy":"post_tag","embeddable":true,"href":"https:\/\/jms.com.bo\/mediamonitor\/wp-json\/wp\/v2\/tags?post=63501"}],"curies":[{"name":"wp","href":"https:\/\/api.w.org\/{rel}","templated":true}]}}