{"id":63503,"date":"2024-02-16T06:54:19","date_gmt":"2024-02-16T10:54:19","guid":{"rendered":"https:\/\/jms.com.bo\/mediamonitor\/2024\/02\/16\/presidente-del-tsj-advierte-que-si-se-anula-la-prorroga-se-afectaria-a-4-113-causas-hasta-septiembre\/"},"modified":"2024-02-16T06:54:19","modified_gmt":"2024-02-16T10:54:19","slug":"presidente-del-tsj-advierte-que-si-se-anula-la-prorroga-se-afectaria-a-4-113-causas-hasta-septiembre","status":"publish","type":"post","link":"https:\/\/jms.com.bo\/mediamonitor\/2024\/02\/16\/presidente-del-tsj-advierte-que-si-se-anula-la-prorroga-se-afectaria-a-4-113-causas-hasta-septiembre\/","title":{"rendered":"Presidente del TSJ advierte que si se anula la pr\u00f3rroga se afectar\u00eda a 4.113 causas hasta septiembre"},"content":{"rendered":"<p style=\"text-align: justify;\">El presidente del Tribunal Supremo de Justicia (TSJ), Marco Jaimes, defendi\u00f3 este jueves otra vez la pr\u00f3rroga de magistrados y advirti\u00f3 sobre las posibles consecuencias en la Justicia en caso de suspenderse los plazos procesales por determinaci\u00f3n de la Asamblea Legislativa.<\/p>\n<p style=\"text-align: justify;\">\u201c(En caso de la suspensi\u00f3n) realmente el perjuicio es incalculable porque la cantidad de procesos que comprende al menos a dos partes. Entonces, hablamos de ciudadanos que esperan una respuesta oportuna de los tribunales. Por lo tanto, queremos asegurar que lo primordial es resguardar los derechos y garant\u00edas de esas personas que se ver\u00edan seriamente afectadas por los efectos multiplicadores que tendr\u00eda aquella posibilidad\u201d.<\/p>\n<p style=\"text-align: justify;\">Agreg\u00f3 que como magistrados no se hizo ning\u00fan pedido a la Asamblea sobre la pr\u00f3rroga de mandato, m\u00e1s por el contrario, aguardan que se d\u00e9 cumplimiento a lo que establece la Constituci\u00f3n Pol\u00edtica con relaci\u00f3n a la independencia de poderes, a la separaci\u00f3n y coordinaci\u00f3n y cooperaci\u00f3n que debe existir entre los \u00f3rganos del Estado. \u201cDe tal manera que arm\u00f3nicamente podamos garantizar la realizaci\u00f3n de las elecciones judiciales\u201d.<\/p>\n<p style=\"text-align: justify;\">El presidente del TSJ tambi\u00e9n present\u00f3 datos recabados en 29 d\u00edas h\u00e1biles sobre el ingreso de nuevas causas y la proyecci\u00f3n de las que debieran ser tramitadas hasta el momento de las judiciales.<\/p>\n<p style=\"text-align: justify;\">\u201cQueremos destacar que, entre el 2 de enero de la presente gesti\u00f3n y el mes de septiembre como fecha probable de las elecciones judiciales, ingresar\u00edan a este TSJ un total de 4.113 causas conforme a la proyecci\u00f3n que tenemos por las \u00faltimas gestiones\u201d.<\/p>\n<p style=\"text-align: justify;\">Indic\u00f3 que hasta febrero se registraron 638 causas nuevas ingresadas y solicitudes de cooperaci\u00f3n internacional, siendo esta la cantidad aproximada de personas que no obtendr\u00edan un acceso oportuno a la Justicia en caso de no tramitarse en esta instituci\u00f3n.<\/p>\n<p style=\"text-align: justify;\">\u201cEl TSJ, en estos 29 d\u00edas h\u00e1biles que van en lo que corre del a\u00f1o, (tiene) 638 causas nuevas y 935 memoriales, es un dato que queremos resaltar porque particularmente las salas de este Tribunal Supremo de Justicia se encuentran a la fecha sorteando estas causas, tramitando aquellos procesos y finalmente relacionando las causas conforme a procedimiento para finalmente publicar las resoluciones que correspondan en estos casos\u201d.<\/p>\n","protected":false},"excerpt":{"rendered":"<p>El presidente del Tribunal Supremo de Justicia (TSJ), Marco Jaimes, defendi\u00f3 este jueves otra vez la pr\u00f3rroga de magistrados y advirti\u00f3 sobre las posibles consecuencias en la Justicia en caso de suspenderse los plazos procesales por determinaci\u00f3n de la Asamblea Legislativa. \u201c(En caso de la suspensi\u00f3n) realmente el perjuicio es incalculable porque la cantidad de [&hellip;]<\/p>\n","protected":false},"author":4,"featured_media":63504,"comment_status":"open","ping_status":"closed","sticky":false,"template":"","format":"standard","meta":{"footnotes":""},"categories":[18,48,46],"tags":[],"class_list":{"0":"post-63503","1":"post","2":"type-post","3":"status-publish","4":"format-standard","5":"has-post-thumbnail","7":"category-politica","8":"category-portada-general-sitio","9":"category-portada-politica"},"_links":{"self":[{"href":"https:\/\/jms.com.bo\/mediamonitor\/wp-json\/wp\/v2\/posts\/63503","targetHints":{"allow":["GET"]}}],"collection":[{"href":"https:\/\/jms.com.bo\/mediamonitor\/wp-json\/wp\/v2\/posts"}],"about":[{"href":"https:\/\/jms.com.bo\/mediamonitor\/wp-json\/wp\/v2\/types\/post"}],"author":[{"embeddable":true,"href":"https:\/\/jms.com.bo\/mediamonitor\/wp-json\/wp\/v2\/users\/4"}],"replies":[{"embeddable":true,"href":"https:\/\/jms.com.bo\/mediamonitor\/wp-json\/wp\/v2\/comments?post=63503"}],"version-history":[{"count":0,"href":"https:\/\/jms.com.bo\/mediamonitor\/wp-json\/wp\/v2\/posts\/63503\/revisions"}],"wp:featuredmedia":[{"embeddable":true,"href":"https:\/\/jms.com.bo\/mediamonitor\/wp-json\/wp\/v2\/media\/63504"}],"wp:attachment":[{"href":"https:\/\/jms.com.bo\/mediamonitor\/wp-json\/wp\/v2\/media?parent=63503"}],"wp:term":[{"taxonomy":"category","embeddable":true,"href":"https:\/\/jms.com.bo\/mediamonitor\/wp-json\/wp\/v2\/categories?post=63503"},{"taxonomy":"post_tag","embeddable":true,"href":"https:\/\/jms.com.bo\/mediamonitor\/wp-json\/wp\/v2\/tags?post=63503"}],"curies":[{"name":"wp","href":"https:\/\/api.w.org\/{rel}","templated":true}]}}