{"id":63505,"date":"2024-02-16T06:55:52","date_gmt":"2024-02-16T10:55:52","guid":{"rendered":"https:\/\/jms.com.bo\/mediamonitor\/2024\/02\/16\/la-gestora-aclara-que-los-que-ganan-por-encima-de-bs-13-000-aportaran-mas-para-la-pension-de-jubilados\/"},"modified":"2024-02-16T06:55:52","modified_gmt":"2024-02-16T10:55:52","slug":"la-gestora-aclara-que-los-que-ganan-por-encima-de-bs-13-000-aportaran-mas-para-la-pension-de-jubilados","status":"publish","type":"post","link":"https:\/\/jms.com.bo\/mediamonitor\/2024\/02\/16\/la-gestora-aclara-que-los-que-ganan-por-encima-de-bs-13-000-aportaran-mas-para-la-pension-de-jubilados\/","title":{"rendered":"La Gestora aclara que los que ganan por encima de Bs 13.000 aportar\u00e1n m\u00e1s para la pensi\u00f3n de jubilados"},"content":{"rendered":"<p style=\"text-align: justify;\">El gerente de la Gestora P\u00fablica de la Seguridad Social de Largo Plazo, Jaime Dur\u00e1n, aclar\u00f3 este jueves que, seg\u00fan el proyecto de ley 035, aquellos que ganan por encima de Bs 13.000 aportar\u00e1n m\u00e1s \u201cpara solidarizarse con los (jubilados) que menos ganan\u201d.<\/p>\n<p style=\"text-align: justify;\">Remarc\u00f3 que el proyecto de ley, que modifica los L\u00edmites Solidarios de la Pensi\u00f3n Solidaria de Vejez y el financiamiento para el Fondo Solidario, tiene el objetivo de incrementar las pensiones de los jubilados.<\/p>\n<p style=\"text-align: justify;\">En entrevista con radio Panamericana, Dur\u00e1n indic\u00f3 que este incremento adicional con destino al Fondo Solidario garantizar\u00e1 la sostenibilidad de lo que significa el incremento de las pensiones solidarias.<\/p>\n<p style=\"text-align: justify;\">\u201cNaturalmente en la visi\u00f3n neoliberal, una visi\u00f3n que cree en el fundamentalismo de mercado, no est\u00e1 de acuerdo con la redistribuci\u00f3n; porque considera que est\u00e1 bien que los ricos sean muy ricos y que los pobres tienen que ser pobres. En cambio, el Modelo Econ\u00f3mico Social Comunitario Productivo privilegia a los m\u00e1s pobres; por esa raz\u00f3n esta estructura de financiamiento le da sostenibilidad\u00bb, argument\u00f3.<\/p>\n<p style=\"text-align: justify;\">Este jueves, el viceministro de Pensiones y Servicios Financieros, Franz Apaza, explic\u00f3 en Piedra, Papel y Tinta de La Raz\u00f3n que el Proyecto de Ley 035 prev\u00e9 una pensi\u00f3n de hasta Bs 5.200 para personas que hayan realizado aportes durante 35 a\u00f1os a la ahora Gestora P\u00fablica.<\/p>\n<p style=\"text-align: justify;\">Cartera de la Gestora<\/p>\n<p style=\"text-align: justify;\">Asimismo, Dur\u00e1n destac\u00f3 que la Gestora increment\u00f3 en m\u00e1s de $us 1.000 millones la Cartera de Fondos del Sistema Integral de Pensiones (SIP), pasando de $us 24.048 millones a $us 25.489 millones de mayo a diciembre de 2023.<\/p>\n<p style=\"text-align: justify;\">\u201cSe ha recibido el 14 de mayo (de 2023) 24.048 millones de d\u00f3lares, equivalente a 164.969 millones de bolivianos; porque naturalmente esta cartera en su mayor parte est\u00e1 en bolivianos, a diciembre esta cartera ha subido a 25.489 millones de d\u00f3lares; eso quiere decir que en nuestra gesti\u00f3n hemos aumentado en 1.000 millones de d\u00f3lares\u201d, afirm\u00f3.<\/p>\n<p style=\"text-align: justify;\">Adem\u00e1s, explic\u00f3 que la entidad estatal logr\u00f3 que el rendimiento global de la Cartera de Inversiones del SIP pase del 2,7%, que registraron en promedio las privadas Administradoras de Fondos de Pensiones (AFP) Futuro y Previsi\u00f3n, al 4,08%.<\/p>\n<p style=\"text-align: justify;\">Record\u00f3 tambi\u00e9n que las AFP se quedaban cada a\u00f1o con m\u00e1s de Bs 8 millones de los jubilados por la comisi\u00f3n de 1,31% que deb\u00edan pagar; en cambio, la gestora anul\u00f3 ese importe.<\/p>\n","protected":false},"excerpt":{"rendered":"<p>El gerente de la Gestora P\u00fablica de la Seguridad Social de Largo Plazo, Jaime Dur\u00e1n, aclar\u00f3 este jueves que, seg\u00fan el proyecto de ley 035, aquellos que ganan por encima de Bs 13.000 aportar\u00e1n m\u00e1s \u201cpara solidarizarse con los (jubilados) que menos ganan\u201d. Remarc\u00f3 que el proyecto de ley, que modifica los L\u00edmites Solidarios de [&hellip;]<\/p>\n","protected":false},"author":4,"featured_media":63506,"comment_status":"open","ping_status":"closed","sticky":false,"template":"","format":"standard","meta":{"footnotes":""},"categories":[25],"tags":[],"class_list":{"0":"post-63505","1":"post","2":"type-post","3":"status-publish","4":"format-standard","5":"has-post-thumbnail","7":"category-economia"},"_links":{"self":[{"href":"https:\/\/jms.com.bo\/mediamonitor\/wp-json\/wp\/v2\/posts\/63505","targetHints":{"allow":["GET"]}}],"collection":[{"href":"https:\/\/jms.com.bo\/mediamonitor\/wp-json\/wp\/v2\/posts"}],"about":[{"href":"https:\/\/jms.com.bo\/mediamonitor\/wp-json\/wp\/v2\/types\/post"}],"author":[{"embeddable":true,"href":"https:\/\/jms.com.bo\/mediamonitor\/wp-json\/wp\/v2\/users\/4"}],"replies":[{"embeddable":true,"href":"https:\/\/jms.com.bo\/mediamonitor\/wp-json\/wp\/v2\/comments?post=63505"}],"version-history":[{"count":0,"href":"https:\/\/jms.com.bo\/mediamonitor\/wp-json\/wp\/v2\/posts\/63505\/revisions"}],"wp:featuredmedia":[{"embeddable":true,"href":"https:\/\/jms.com.bo\/mediamonitor\/wp-json\/wp\/v2\/media\/63506"}],"wp:attachment":[{"href":"https:\/\/jms.com.bo\/mediamonitor\/wp-json\/wp\/v2\/media?parent=63505"}],"wp:term":[{"taxonomy":"category","embeddable":true,"href":"https:\/\/jms.com.bo\/mediamonitor\/wp-json\/wp\/v2\/categories?post=63505"},{"taxonomy":"post_tag","embeddable":true,"href":"https:\/\/jms.com.bo\/mediamonitor\/wp-json\/wp\/v2\/tags?post=63505"}],"curies":[{"name":"wp","href":"https:\/\/api.w.org\/{rel}","templated":true}]}}