{"id":63515,"date":"2024-02-16T07:07:23","date_gmt":"2024-02-16T11:07:23","guid":{"rendered":"https:\/\/jms.com.bo\/mediamonitor\/2024\/02\/16\/electrificacion-ministro-pide-aprobar-creditos-por-us-325-millones\/"},"modified":"2024-02-16T07:07:23","modified_gmt":"2024-02-16T11:07:23","slug":"electrificacion-ministro-pide-aprobar-creditos-por-us-325-millones","status":"publish","type":"post","link":"https:\/\/jms.com.bo\/mediamonitor\/2024\/02\/16\/electrificacion-ministro-pide-aprobar-creditos-por-us-325-millones\/","title":{"rendered":"Electrificaci\u00f3n: Ministro pide aprobar cr\u00e9ditos por $us 325 millones"},"content":{"rendered":"<p style=\"text-align: justify;\">El ministro de Hidrocarburos, Franklin Molina, abog\u00f3 por la aprobaci\u00f3n, en la Asamblea Legislativa Plurinacional, de dos cr\u00e9ditos del Banco Interamericano de Desarrollo (BID) y el Banco Mundial (BM) para financiar la tercera fase de la electrificaci\u00f3n rural. Se trata de 325 millones de d\u00f3lares que no demandar\u00e1n contraparte a los municipios.<\/p>\n<p style=\"text-align: justify;\">\u201cLa Asamblea Legislativa tiene el desaf\u00edo de demostrar que cumplir\u00e1 su mandato constitucional de mejorar las condiciones de vida de los bolivianos con la aprobaci\u00f3n de dos cr\u00e9ditos del BID y el Banco Mundial para financiar la tercera fase de la electrificaci\u00f3n rural. Se trata de un cr\u00e9dito hist\u00f3rico de 325 millones de d\u00f3lares que no tiene contraparte para ninguno de los m\u00e1s de 200 municipios y regiones, donde por primera vez llegar\u00e1 la energ\u00eda el\u00e9ctrica\u201d, expres\u00f3 a CORREO DEL SUR.<\/p>\n<p style=\"text-align: justify;\">Este proyecto debe alcanzar a por lo menos 68.000 familias en los nueve departamentos, que acceder\u00e1n al sistema interconectado nacional con sistemas fotovoltaicos y, en el caso de comunidades m\u00e1s alejadas, se incorporar\u00e1n energ\u00edas renovables a trav\u00e9s de los sistemas fotovoltaicos y las plantas h\u00edbridas con paneles solares y bater\u00edas, seg\u00fan datos oficiales.<\/p>\n<p style=\"text-align: justify;\">El Parlamento tiene pendientes de aprobaci\u00f3n varios cr\u00e9ditos, frenados por la oposici\u00f3n no solo de Creemos y Comunidad Ciudadana, sino tambi\u00e9n del ala \u201cevista\u201d del MAS, distanciada del Gobierno.<\/p>\n<p style=\"text-align: justify;\">El Plan de Desarrollo Econ\u00f3mico y Social PDES 2021-2025 tiene entre sus metas lograr una cobertura de electrificaci\u00f3n rural del 95%, a trav\u00e9s de la ejecuci\u00f3n del \u201cPrograma de Electrificaci\u00f3n Rural III\u201d, financiado por el BID y la ejecuci\u00f3n del Proyecto de \u201cMejora del Acceso Sostenible a Electricidad &#8211; IDTR III\u201d, cubierto por el Banco Internacional de Reconstrucci\u00f3n y Fomento (BIRF) del Banco Mundial, con un monto combinado de $us 325 millones.<\/p>\n<p style=\"text-align: justify;\">\u201cLos cr\u00e9ditos que est\u00e1n en la Asamblea son imprescindibles para cumplir con una pol\u00edtica del Estado y la planificaci\u00f3n nacional en el corto, mediano y largo plazo que asegure el acceso y la calidad de los servicios de electricidad, conforme se establece en el Art\u00edculo 20 de la Constituci\u00f3n Pol\u00edtica del Estado, que dice que toda persona tiene derecho al acceso universal y equitativo a los servicios b\u00e1sicos, entre ellos el de electricidad\u201d, concluy\u00f3.<\/p>\n<p style=\"text-align: justify;\">La aprobaci\u00f3n de los cr\u00e9ditos forma parte de un acuerdo multipartidario para viabilizar las elecciones judiciales que incluye el tratamiento de las leyes para cesar a los magistrados prorrogados y suspender plazos procesales.<\/p>\n","protected":false},"excerpt":{"rendered":"<p>El ministro de Hidrocarburos, Franklin Molina, abog\u00f3 por la aprobaci\u00f3n, en la Asamblea Legislativa Plurinacional, de dos cr\u00e9ditos del Banco Interamericano de Desarrollo (BID) y el Banco Mundial (BM) para financiar la tercera fase de la electrificaci\u00f3n rural. Se trata de 325 millones de d\u00f3lares que no demandar\u00e1n contraparte a los municipios. \u201cLa Asamblea Legislativa [&hellip;]<\/p>\n","protected":false},"author":4,"featured_media":63516,"comment_status":"open","ping_status":"closed","sticky":false,"template":"","format":"standard","meta":{"footnotes":""},"categories":[39,44,48],"tags":[],"class_list":{"0":"post-63515","1":"post","2":"type-post","3":"status-publish","4":"format-standard","5":"has-post-thumbnail","7":"category-energia","8":"category-portada-energia","9":"category-portada-general-sitio"},"_links":{"self":[{"href":"https:\/\/jms.com.bo\/mediamonitor\/wp-json\/wp\/v2\/posts\/63515","targetHints":{"allow":["GET"]}}],"collection":[{"href":"https:\/\/jms.com.bo\/mediamonitor\/wp-json\/wp\/v2\/posts"}],"about":[{"href":"https:\/\/jms.com.bo\/mediamonitor\/wp-json\/wp\/v2\/types\/post"}],"author":[{"embeddable":true,"href":"https:\/\/jms.com.bo\/mediamonitor\/wp-json\/wp\/v2\/users\/4"}],"replies":[{"embeddable":true,"href":"https:\/\/jms.com.bo\/mediamonitor\/wp-json\/wp\/v2\/comments?post=63515"}],"version-history":[{"count":0,"href":"https:\/\/jms.com.bo\/mediamonitor\/wp-json\/wp\/v2\/posts\/63515\/revisions"}],"wp:featuredmedia":[{"embeddable":true,"href":"https:\/\/jms.com.bo\/mediamonitor\/wp-json\/wp\/v2\/media\/63516"}],"wp:attachment":[{"href":"https:\/\/jms.com.bo\/mediamonitor\/wp-json\/wp\/v2\/media?parent=63515"}],"wp:term":[{"taxonomy":"category","embeddable":true,"href":"https:\/\/jms.com.bo\/mediamonitor\/wp-json\/wp\/v2\/categories?post=63515"},{"taxonomy":"post_tag","embeddable":true,"href":"https:\/\/jms.com.bo\/mediamonitor\/wp-json\/wp\/v2\/tags?post=63515"}],"curies":[{"name":"wp","href":"https:\/\/api.w.org\/{rel}","templated":true}]}}