{"id":63525,"date":"2024-02-19T06:47:05","date_gmt":"2024-02-19T10:47:05","guid":{"rendered":"https:\/\/jms.com.bo\/mediamonitor\/2024\/02\/19\/falta-de-divisas-amenaza-provision-de-insumos-para-sector-avicola\/"},"modified":"2024-02-19T06:47:05","modified_gmt":"2024-02-19T10:47:05","slug":"falta-de-divisas-amenaza-provision-de-insumos-para-sector-avicola","status":"publish","type":"post","link":"https:\/\/jms.com.bo\/mediamonitor\/2024\/02\/19\/falta-de-divisas-amenaza-provision-de-insumos-para-sector-avicola\/","title":{"rendered":"Falta de divisas amenaza provisi\u00f3n de insumos para sector av\u00edcola"},"content":{"rendered":"<p style=\"text-align: justify;\">Si bien Bolivia es autosostenible en la producci\u00f3n de carne de pollo y huevo, no estamos exentos de los problemas que causa la falta de d\u00f3lares en el pa\u00eds, ya que dependemos en un 100% de la importaci\u00f3n de gen\u00e9tica (aves reproductoras), as\u00ed como de insumos veterinarios de uso av\u00edcola que no son elaborados en el pa\u00eds. Y la falta de la divisa dificulta el pago a proveedores, por la demora de las operaciones bancarias, se\u00f1ala un comunicado de la Asociaci\u00f3n de Avicultores (ADA) de Santa Cruz, expresado a trav\u00e9s de su presidente, Omar Castro.<\/p>\n<p style=\"text-align: justify;\">\u201cPara nadie es desconocido que el sector av\u00edcola es uno de los m\u00e1s sensibles y vulnerables a cambios en los factores econ\u00f3micos y sociales en el pa\u00eds. Esto se debe, principalmente, a la din\u00e1mica del rubro, caracterizada por una producci\u00f3n altamente intensiva, por productos (carne de pollo y huevo) que son comercializados en su mayor\u00eda en calidad de frescos y, por tanto, altamente perecederos\u201d, indica el comunicado de ADA.<\/p>\n<p style=\"text-align: justify;\">A ello hay que remarcar, que los productos av\u00edcolas son alimentos de primera necesidad y parte fundamental de la canasta familiar, es por ello que cualquier desequilibrio impacta dr\u00e1sticamente en la poblaci\u00f3n, recuerdan los productores.<\/p>\n<p style=\"text-align: justify;\">\u201c(\u2026) dependemos en un 100% de la importaci\u00f3n de gen\u00e9tica (aves reproductoras), as\u00ed como de insumos veterinarios de uso av\u00edcola que no son elaborados en nuestro pa\u00eds, como ser las vacunas, vitaminas, minerales, medicamentos, equipos y otros. La falta de uno o m\u00e1s de los insumos mencionados hace inviable la avicultura\u201d, alertaron.<\/p>\n<p style=\"text-align: justify;\">Los problemas que estamos atravesando por la falta de d\u00f3lares est\u00e1 ocasionando dificultades para el pago a proveedores en el exterior por el tiempo que se demora en concretar dichas operaciones, lo que est\u00e1 generando atrasos en la importaci\u00f3n de insumos veterinarios de uso av\u00edcola, as\u00ed como en la importaci\u00f3n de gen\u00e9tica y esto va alterar los ciclos en la cadena av\u00edcola, provocando desfaces en la producci\u00f3n de pollo y huevo, sostienen.<\/p>\n<p style=\"text-align: justify;\">\u201cSin esta gen\u00e9tica no hay pollo ni huevo. Por otro lado, el incremento de las comisiones de los giros al exterior a m\u00e1s del 22% repercutir\u00e1 en el incremento de los costos de producci\u00f3n, lo cual generar\u00e1, inicialmente, un desincentivo en la producci\u00f3n, ocasionando cierre de granjas\u201d, advierten.<\/p>\n<p style=\"text-align: justify;\">Otros temas que preocupan al sector son los informes preliminares sobre las afectaciones a la campa\u00f1a agr\u00edcola de verano 2023\/2024. \u201cUrge tomar medidas para asegurar un abastecimiento de ma\u00edz, y consideramos que la aprobaci\u00f3n de nuevos eventos biotecnol\u00f3gicos deber\u00eda ser, en este momento, una prioridad del Gobierno\u201d, indican.<\/p>\n<p style=\"text-align: justify;\">Asimismo, esperan que las mesas t\u00e9cnicas, recientemente instaladas, resuelvan a la brevedad posible los significativos recortes sufridos por los avicultores cruce\u00f1os en las asignaciones para la provisi\u00f3n de harina de soya solvente.<\/p>\n","protected":false},"excerpt":{"rendered":"<p>Si bien Bolivia es autosostenible en la producci\u00f3n de carne de pollo y huevo, no estamos exentos de los problemas que causa la falta de d\u00f3lares en el pa\u00eds, ya que dependemos en un 100% de la importaci\u00f3n de gen\u00e9tica (aves reproductoras), as\u00ed como de insumos veterinarios de uso av\u00edcola que no son elaborados en [&hellip;]<\/p>\n","protected":false},"author":4,"featured_media":63526,"comment_status":"open","ping_status":"closed","sticky":false,"template":"","format":"standard","meta":{"footnotes":""},"categories":[52],"tags":[],"class_list":{"0":"post-63525","1":"post","2":"type-post","3":"status-publish","4":"format-standard","5":"has-post-thumbnail","7":"category-alimentos-agroindustria"},"_links":{"self":[{"href":"https:\/\/jms.com.bo\/mediamonitor\/wp-json\/wp\/v2\/posts\/63525","targetHints":{"allow":["GET"]}}],"collection":[{"href":"https:\/\/jms.com.bo\/mediamonitor\/wp-json\/wp\/v2\/posts"}],"about":[{"href":"https:\/\/jms.com.bo\/mediamonitor\/wp-json\/wp\/v2\/types\/post"}],"author":[{"embeddable":true,"href":"https:\/\/jms.com.bo\/mediamonitor\/wp-json\/wp\/v2\/users\/4"}],"replies":[{"embeddable":true,"href":"https:\/\/jms.com.bo\/mediamonitor\/wp-json\/wp\/v2\/comments?post=63525"}],"version-history":[{"count":0,"href":"https:\/\/jms.com.bo\/mediamonitor\/wp-json\/wp\/v2\/posts\/63525\/revisions"}],"wp:featuredmedia":[{"embeddable":true,"href":"https:\/\/jms.com.bo\/mediamonitor\/wp-json\/wp\/v2\/media\/63526"}],"wp:attachment":[{"href":"https:\/\/jms.com.bo\/mediamonitor\/wp-json\/wp\/v2\/media?parent=63525"}],"wp:term":[{"taxonomy":"category","embeddable":true,"href":"https:\/\/jms.com.bo\/mediamonitor\/wp-json\/wp\/v2\/categories?post=63525"},{"taxonomy":"post_tag","embeddable":true,"href":"https:\/\/jms.com.bo\/mediamonitor\/wp-json\/wp\/v2\/tags?post=63525"}],"curies":[{"name":"wp","href":"https:\/\/api.w.org\/{rel}","templated":true}]}}