{"id":63527,"date":"2024-02-19T06:48:55","date_gmt":"2024-02-19T10:48:55","guid":{"rendered":"https:\/\/jms.com.bo\/mediamonitor\/2024\/02\/19\/levantan-bloqueo-en-yapacani-y-la-att-reporta-que-la-medida-perjudico-a-casi-5-000-pasajeros-y-dejo-perdida-de-medio-millon-de-bolivianos\/"},"modified":"2024-02-19T06:48:55","modified_gmt":"2024-02-19T10:48:55","slug":"levantan-bloqueo-en-yapacani-y-la-att-reporta-que-la-medida-perjudico-a-casi-5-000-pasajeros-y-dejo-perdida-de-medio-millon-de-bolivianos","status":"publish","type":"post","link":"https:\/\/jms.com.bo\/mediamonitor\/2024\/02\/19\/levantan-bloqueo-en-yapacani-y-la-att-reporta-que-la-medida-perjudico-a-casi-5-000-pasajeros-y-dejo-perdida-de-medio-millon-de-bolivianos\/","title":{"rendered":"Levantan bloqueo en Yapacan\u00ed y la ATT reporta que la medida perjudic\u00f3 a casi 5.000 pasajeros y dej\u00f3 p\u00e9rdida de medio mill\u00f3n de bolivianos"},"content":{"rendered":"<p style=\"text-align: justify;\">El bloqueo en Yapacani fue levantado este s\u00e1bado con un cuarto intermedio de una semana y la ATT inform\u00f3 que la medida en dos d\u00edas perjudic\u00f3 a casi 5.000 pasajeros y dej\u00f3 una p\u00e9rdida de m\u00e1s de medio mill\u00f3n de bolivianos al sector transporte.<\/p>\n<p style=\"text-align: justify;\">Pobladores de Yapacan\u00ed bloquearon, el jueves 15 y el viernes 16 de este mes, la ruta Santa Cruz \u2013 Cochabamba, en demanda a la aprobaci\u00f3n, en la Asamblea Legislativa Plurinacional (ALP), del proyecto de Ley 255 de cr\u00e9dito externo para el asfaltado de la carretera Faja Norte.<\/p>\n<p style=\"text-align: justify;\">Seg\u00fan un reporte de DTV, el secretario de conflictos de los interculturales, Guido Cuadros, inform\u00f3 \u201cque que se levant\u00f3 el bloqueo en el puente de Yapacan\u00ed despu\u00e9s de que parlamentarios se comprometieron a aprobar el cr\u00e9dito de $us 56 millones para el tramo carretero de la zona Faja Norte\u201d.<\/p>\n<p style=\"text-align: justify;\">Si bien la medida se levant\u00f3 hay un cuarto intermedio hasta el viernes, caso contrario se tomar\u00e1n otras medidas de presi\u00f3n.<\/p>\n<p style=\"text-align: justify;\">En conferencia de prensa, el director de la Autoridad de Regulaci\u00f3n y Fiscalizaci\u00f3n de Telecomunicaciones y Transportes (ATT), N\u00e9stor R\u00edos, inform\u00f3 que los dos d\u00edas de bloqueo en Yapacan\u00ed perjudicaron a 4.996 pasajeros que buscaron movilizarse en la ruta Santa Cruz \u2013 Cochabamba y viceversa, esta temporada del \u201cCorso de Corsos\u201d.<\/p>\n<p style=\"text-align: justify;\">\u201cSon 666.205 bolivianos, m\u00e1s de medio mill\u00f3n de bolivianos, esta cifra es la afectaci\u00f3n en cuanto al sector transporte en cuanto a los ingresos que percibe, no estamos hablando del impacto multidimensional hacia la gente\u201d, afirm\u00f3.<\/p>\n<p style=\"text-align: justify;\">Se\u00f1al\u00f3 que se espera que el cuarto intermedio \u201csea definitivo porque no es correcto seguir afectado a la poblaci\u00f3n y a la econom\u00eda\u201d y record\u00f3 que la ATT como el ente regular ejerce un control permanente en las carreteras y valida la transitabilidad.<\/p>\n","protected":false},"excerpt":{"rendered":"<p>El bloqueo en Yapacani fue levantado este s\u00e1bado con un cuarto intermedio de una semana y la ATT inform\u00f3 que la medida en dos d\u00edas perjudic\u00f3 a casi 5.000 pasajeros y dej\u00f3 una p\u00e9rdida de m\u00e1s de medio mill\u00f3n de bolivianos al sector transporte. Pobladores de Yapacan\u00ed bloquearon, el jueves 15 y el viernes 16 [&hellip;]<\/p>\n","protected":false},"author":4,"featured_media":63528,"comment_status":"open","ping_status":"closed","sticky":false,"template":"","format":"standard","meta":{"footnotes":""},"categories":[49],"tags":[],"class_list":{"0":"post-63527","1":"post","2":"type-post","3":"status-publish","4":"format-standard","5":"has-post-thumbnail","7":"category-social"},"_links":{"self":[{"href":"https:\/\/jms.com.bo\/mediamonitor\/wp-json\/wp\/v2\/posts\/63527","targetHints":{"allow":["GET"]}}],"collection":[{"href":"https:\/\/jms.com.bo\/mediamonitor\/wp-json\/wp\/v2\/posts"}],"about":[{"href":"https:\/\/jms.com.bo\/mediamonitor\/wp-json\/wp\/v2\/types\/post"}],"author":[{"embeddable":true,"href":"https:\/\/jms.com.bo\/mediamonitor\/wp-json\/wp\/v2\/users\/4"}],"replies":[{"embeddable":true,"href":"https:\/\/jms.com.bo\/mediamonitor\/wp-json\/wp\/v2\/comments?post=63527"}],"version-history":[{"count":0,"href":"https:\/\/jms.com.bo\/mediamonitor\/wp-json\/wp\/v2\/posts\/63527\/revisions"}],"wp:featuredmedia":[{"embeddable":true,"href":"https:\/\/jms.com.bo\/mediamonitor\/wp-json\/wp\/v2\/media\/63528"}],"wp:attachment":[{"href":"https:\/\/jms.com.bo\/mediamonitor\/wp-json\/wp\/v2\/media?parent=63527"}],"wp:term":[{"taxonomy":"category","embeddable":true,"href":"https:\/\/jms.com.bo\/mediamonitor\/wp-json\/wp\/v2\/categories?post=63527"},{"taxonomy":"post_tag","embeddable":true,"href":"https:\/\/jms.com.bo\/mediamonitor\/wp-json\/wp\/v2\/tags?post=63527"}],"curies":[{"name":"wp","href":"https:\/\/api.w.org\/{rel}","templated":true}]}}