{"id":63531,"date":"2024-02-19T06:52:01","date_gmt":"2024-02-19T10:52:01","guid":{"rendered":"https:\/\/jms.com.bo\/mediamonitor\/2024\/02\/19\/medicos-anuncian-paro-de-48-horas-en-contra-de-la-jubilacion-forzosa\/"},"modified":"2024-02-19T06:52:01","modified_gmt":"2024-02-19T10:52:01","slug":"medicos-anuncian-paro-de-48-horas-en-contra-de-la-jubilacion-forzosa","status":"publish","type":"post","link":"https:\/\/jms.com.bo\/mediamonitor\/2024\/02\/19\/medicos-anuncian-paro-de-48-horas-en-contra-de-la-jubilacion-forzosa\/","title":{"rendered":"M\u00e9dicos anuncian paro de 48 horas en contra de la \u2018jubilaci\u00f3n forzosa\u2019"},"content":{"rendered":"<p style=\"text-align: justify;\">La Federaci\u00f3n de Sindicatos de Ramas M\u00e9dicas de Salud P\u00fablica (Fesirmes) anunci\u00f3 un paro de 48 horas para el mi\u00e9rcoles 21 y jueves 22 en contra del Proyecto de Ley 035, en el que consideran que se plantea una \u201cjubilaci\u00f3n forzosa\u201d.<\/p>\n<p style=\"text-align: justify;\">Los m\u00e9dicos exigen que se retire del documento la disposici\u00f3n adicional que \u2014seg\u00fan entienden\u2014 se\u00f1ala que los trabajadores deben jubilarse a los 65 a\u00f1os a menos que soliciten un estudio m\u00e9dico para evaluar su estado de salud.<\/p>\n<p style=\"text-align: justify;\">Ren\u00e9 Cazas, ejecutivo de Fesirmes, advirti\u00f3 que, de aprobarse esa jubilaci\u00f3n, los empleadores querr\u00e1n deshacerse de las personas mayores para contratar a otras y con sueldos menores.<\/p>\n<p style=\"text-align: justify;\">\u00abEl paro es a nivel nacional en los tres niveles de salud; en los centros de primer nivel y hospitales de segundo y tercer nivel, tanto en la ciudad como en las provincias de los nueve departamentos\u00bb, agreg\u00f3 Roc\u00edo Rivero, secretaria general de Fesirmes-Santa Cruz.<\/p>\n<p style=\"text-align: justify;\">Jubilaci\u00f3n<\/p>\n<p style=\"text-align: justify;\">Advirti\u00f3 que, en caso de que su demanda no sea escuchada, la medida ser\u00e1 radicalizada.<\/p>\n<p style=\"text-align: justify;\">Pese a las explicaciones del Gobierno, de que el proyecto de ley no plantea una jubilaci\u00f3n forzosa; los m\u00e9dicos temen que en el examen m\u00e9dico sean declarados \u201cincapacitados\u201d para presionarlos a jubilarse.<\/p>\n<p style=\"text-align: justify;\">Otro sector que tambi\u00e9n protesta contra el proyecto de ley es el magisterio urbano. El dirigente Jos\u00e9 Luis \u00c1lvarez no descarta que el sector tambi\u00e9n asuma medidas de presi\u00f3n.<\/p>\n<p style=\"text-align: justify;\">\u201cRechazamos esta intenci\u00f3n de masacre blanca que el Gobierno pretende realizar y en forma totalmente artera pretende enfrentarnos entre j\u00f3venes y mayores. Estamos pidiendo tener una vejez, una jubilaci\u00f3n; con nuestras necesidades cubiertas\u201d, dijo \u00c1lvarez.<\/p>\n<p style=\"text-align: justify;\">El proyecto de ley se encuentra en la Asamblea Legislativa desde 2003; sin embargo, su tratamiento no avanza.<\/p>\n<p style=\"text-align: justify;\">La norma modifica los l\u00edmites solidarios a la actual Ley de Pensiones y de acuerdo con sus detractores, impulsa una jubilaci\u00f3n forzosa desde los 65 a\u00f1os.<\/p>\n","protected":false},"excerpt":{"rendered":"<p>La Federaci\u00f3n de Sindicatos de Ramas M\u00e9dicas de Salud P\u00fablica (Fesirmes) anunci\u00f3 un paro de 48 horas para el mi\u00e9rcoles 21 y jueves 22 en contra del Proyecto de Ley 035, en el que consideran que se plantea una \u201cjubilaci\u00f3n forzosa\u201d. Los m\u00e9dicos exigen que se retire del documento la disposici\u00f3n adicional que \u2014seg\u00fan entienden\u2014 [&hellip;]<\/p>\n","protected":false},"author":4,"featured_media":63532,"comment_status":"open","ping_status":"closed","sticky":false,"template":"","format":"standard","meta":{"footnotes":""},"categories":[49],"tags":[],"class_list":{"0":"post-63531","1":"post","2":"type-post","3":"status-publish","4":"format-standard","5":"has-post-thumbnail","7":"category-social"},"_links":{"self":[{"href":"https:\/\/jms.com.bo\/mediamonitor\/wp-json\/wp\/v2\/posts\/63531","targetHints":{"allow":["GET"]}}],"collection":[{"href":"https:\/\/jms.com.bo\/mediamonitor\/wp-json\/wp\/v2\/posts"}],"about":[{"href":"https:\/\/jms.com.bo\/mediamonitor\/wp-json\/wp\/v2\/types\/post"}],"author":[{"embeddable":true,"href":"https:\/\/jms.com.bo\/mediamonitor\/wp-json\/wp\/v2\/users\/4"}],"replies":[{"embeddable":true,"href":"https:\/\/jms.com.bo\/mediamonitor\/wp-json\/wp\/v2\/comments?post=63531"}],"version-history":[{"count":0,"href":"https:\/\/jms.com.bo\/mediamonitor\/wp-json\/wp\/v2\/posts\/63531\/revisions"}],"wp:featuredmedia":[{"embeddable":true,"href":"https:\/\/jms.com.bo\/mediamonitor\/wp-json\/wp\/v2\/media\/63532"}],"wp:attachment":[{"href":"https:\/\/jms.com.bo\/mediamonitor\/wp-json\/wp\/v2\/media?parent=63531"}],"wp:term":[{"taxonomy":"category","embeddable":true,"href":"https:\/\/jms.com.bo\/mediamonitor\/wp-json\/wp\/v2\/categories?post=63531"},{"taxonomy":"post_tag","embeddable":true,"href":"https:\/\/jms.com.bo\/mediamonitor\/wp-json\/wp\/v2\/tags?post=63531"}],"curies":[{"name":"wp","href":"https:\/\/api.w.org\/{rel}","templated":true}]}}