{"id":63535,"date":"2024-02-19T06:55:12","date_gmt":"2024-02-19T10:55:12","guid":{"rendered":"https:\/\/jms.com.bo\/mediamonitor\/2024\/02\/19\/proyecto-de-ley-035-preserva-la-salud-y-plantea-acceso-a-examen-medico-para-elegir-jubilacion-o-continuar-trabajando\/"},"modified":"2024-02-19T06:55:12","modified_gmt":"2024-02-19T10:55:12","slug":"proyecto-de-ley-035-preserva-la-salud-y-plantea-acceso-a-examen-medico-para-elegir-jubilacion-o-continuar-trabajando","status":"publish","type":"post","link":"https:\/\/jms.com.bo\/mediamonitor\/2024\/02\/19\/proyecto-de-ley-035-preserva-la-salud-y-plantea-acceso-a-examen-medico-para-elegir-jubilacion-o-continuar-trabajando\/","title":{"rendered":"Proyecto de Ley 035 preserva la salud y plantea acceso a examen m\u00e9dico para elegir jubilaci\u00f3n o continuar trabajando"},"content":{"rendered":"<p style=\"text-align: justify;\">El proyecto de Ley 035 tambi\u00e9n preserva la vida y la salud, por ello plantea el acceso a un examen m\u00e9dico para elegir por la pensi\u00f3n de jubilaci\u00f3n o continuar trabajando, aclar\u00f3 este domingo el viceministro de Pensiones y Servicios Financieros, Franz Apaza.<\/p>\n<p style=\"text-align: justify;\">\u201cLo que en realidad se ha planteado en el proyecto de ley, en una disposici\u00f3n adicional \u00fanica, ha sido que los trabajadores que decidan seguir trabajando a los 65 a\u00f1os, o m\u00e1s de edad, puedan acceder a un examen m\u00e9dico\u201d, indic\u00f3 en contacto con Bolivia Tv.<\/p>\n<p style=\"text-align: justify;\">La autoridad gubernamental se\u00f1al\u00f3 que la salud es fundamental y a esa edad es importante una revisi\u00f3n m\u00e9dica.<\/p>\n<p style=\"text-align: justify;\">En ese sentido, indic\u00f3 que lo que plantea el proyecto de ley es que el Instituto Nacional de Salud Ocupacional realice un examen m\u00e9dico al trabajador a sus 65 a\u00f1os, a petici\u00f3n voluntaria, y que \u00e9ste acceda a la informaci\u00f3n y sepa \u201ccu\u00e1l es su estado de salud en funci\u00f3n al trabajo que desarrolla\u201d.<\/p>\n<p style=\"text-align: justify;\">\u201cEntonces lo que estamos haciendo en realidad, en esta disposici\u00f3n, es preservar la vida, preservar la salud del trabajador, de que \u00e9l tenga informaci\u00f3n y que de esa forma \u00e9l decida si quiere seguir trabajando o de repente es conveniente que tenga una jubilaci\u00f3n\u201d, explic\u00f3.<\/p>\n<p style=\"text-align: justify;\">Enfatiz\u00f3 que para la realizaci\u00f3n del examen m\u00e9dico al trabajador fue designado el Instituto Nacional de Salud Ocupacional, porque cuenta con profesionales m\u00e9dicos \u201cespecializados en la rama ocupacional\u201d.<\/p>\n<p style=\"text-align: justify;\">Con el proyecto de ley \u201cadem\u00e1s es un incentivo el hecho de que estemos mejorando las pensiones de jubilaci\u00f3n con un incremento de hasta 1.000 bolivianos para muchos trabajadores que van a gozar de este beneficio\u201d, se\u00f1al\u00f3.<\/p>\n<p style=\"text-align: justify;\">El Proyecto de Ley 035, que est\u00e1 dirigido a los actuales y futuros jubilados, modifica los L\u00edmites Solidarios de la Pensi\u00f3n Solidaria de Vejez y el financiamiento para el Fondo Solidario. El mismo fue remitido por el Ejecutivo a la Asamblea Legislativa, en junio de 2023, para su tratamiento y aprobaci\u00f3n.<\/p>\n","protected":false},"excerpt":{"rendered":"<p>El proyecto de Ley 035 tambi\u00e9n preserva la vida y la salud, por ello plantea el acceso a un examen m\u00e9dico para elegir por la pensi\u00f3n de jubilaci\u00f3n o continuar trabajando, aclar\u00f3 este domingo el viceministro de Pensiones y Servicios Financieros, Franz Apaza. \u201cLo que en realidad se ha planteado en el proyecto de ley, [&hellip;]<\/p>\n","protected":false},"author":4,"featured_media":63537,"comment_status":"open","ping_status":"closed","sticky":false,"template":"","format":"standard","meta":{"footnotes":""},"categories":[20],"tags":[],"class_list":{"0":"post-63535","1":"post","2":"type-post","3":"status-publish","4":"format-standard","5":"has-post-thumbnail","7":"category-actualidad"},"_links":{"self":[{"href":"https:\/\/jms.com.bo\/mediamonitor\/wp-json\/wp\/v2\/posts\/63535","targetHints":{"allow":["GET"]}}],"collection":[{"href":"https:\/\/jms.com.bo\/mediamonitor\/wp-json\/wp\/v2\/posts"}],"about":[{"href":"https:\/\/jms.com.bo\/mediamonitor\/wp-json\/wp\/v2\/types\/post"}],"author":[{"embeddable":true,"href":"https:\/\/jms.com.bo\/mediamonitor\/wp-json\/wp\/v2\/users\/4"}],"replies":[{"embeddable":true,"href":"https:\/\/jms.com.bo\/mediamonitor\/wp-json\/wp\/v2\/comments?post=63535"}],"version-history":[{"count":0,"href":"https:\/\/jms.com.bo\/mediamonitor\/wp-json\/wp\/v2\/posts\/63535\/revisions"}],"wp:featuredmedia":[{"embeddable":true,"href":"https:\/\/jms.com.bo\/mediamonitor\/wp-json\/wp\/v2\/media\/63537"}],"wp:attachment":[{"href":"https:\/\/jms.com.bo\/mediamonitor\/wp-json\/wp\/v2\/media?parent=63535"}],"wp:term":[{"taxonomy":"category","embeddable":true,"href":"https:\/\/jms.com.bo\/mediamonitor\/wp-json\/wp\/v2\/categories?post=63535"},{"taxonomy":"post_tag","embeddable":true,"href":"https:\/\/jms.com.bo\/mediamonitor\/wp-json\/wp\/v2\/tags?post=63535"}],"curies":[{"name":"wp","href":"https:\/\/api.w.org\/{rel}","templated":true}]}}