{"id":63540,"date":"2024-02-19T06:58:33","date_gmt":"2024-02-19T10:58:33","guid":{"rendered":"https:\/\/jms.com.bo\/mediamonitor\/2024\/02\/19\/tuto-con-evo-y-arce-bolivia-perdio-us-18-652-millones-de-reservas-internacionales\/"},"modified":"2024-02-19T06:58:33","modified_gmt":"2024-02-19T10:58:33","slug":"tuto-con-evo-y-arce-bolivia-perdio-us-18-652-millones-de-reservas-internacionales","status":"publish","type":"post","link":"https:\/\/jms.com.bo\/mediamonitor\/2024\/02\/19\/tuto-con-evo-y-arce-bolivia-perdio-us-18-652-millones-de-reservas-internacionales\/","title":{"rendered":"Tuto: Con Evo y Arce, Bolivia perdi\u00f3 $us 18.652 millones de reservas internacionales"},"content":{"rendered":"<p style=\"text-align: justify;\">El expresidente Jorge Tuto Quiroga revel\u00f3 este domingo que durante los gobiernos de Evo Morales y Luis Arce Catacora, el pa\u00eds sufri\u00f3 la p\u00e9rdida de 18.652 millones de d\u00f3lares de los 20.588 millones de d\u00f3lares que constitu\u00edan las reservas internacionales (RIN) manejadas por el Banco Central de Bolivia.<\/p>\n<p style=\"text-align: justify;\">Explic\u00f3 que esta reducci\u00f3n se produjo entre 2013 y 2023, afectando el nivel de las reservas de oro, divisas, Derechos Especiales de Giro (DEGs), Fondo Monetario Internacional (FMI), fondos de protecci\u00f3n al ahorrista, Encaje Legal, Fondo para la Revoluci\u00f3n Industrial Productiva (Finpro) y el fondo de Hidrocarburos.<\/p>\n<p style=\"text-align: justify;\">Quiroga sostiene que el MAS, despu\u00e9s de \u00abderrochar el gas\u00bb, tambi\u00e9n dilapid\u00f3 las reservas internacionales y todos los fondos mencionados. Espec\u00edficamente, se\u00f1al\u00f3 que, durante la gesti\u00f3n de Evo Morales como presidente y Arce como ministro de Econom\u00eda, se perdieron 12.066 millones de d\u00f3lares del total de las RIN.<\/p>\n<p style=\"text-align: justify;\">Entre noviembre de 2019 y la gesti\u00f3n de Arce Catacora como presidente, el pa\u00eds perdi\u00f3 6.586 millones de d\u00f3lares de sus reservas internacionales. Quiroga record\u00f3 que hace diez a\u00f1os vino advirtiendo sobre este riesgo, pero reci\u00e9n los medios de comunicaci\u00f3n solo le dieron relevancia hace un a\u00f1o.<\/p>\n<p style=\"text-align: justify;\">Seg\u00fan un cuadro comparativo que acompa\u00f1a su publicaci\u00f3n en redes sociales, durante la gesti\u00f3n de Luis Arce, con la Ley del Oro, se vendi\u00f3 la mitad de las reservas de oro y se dispuso de 1.227 millones de d\u00f3lares.<\/p>\n<p style=\"text-align: justify;\">En cuanto a las divisas, el Banco Central de Bolivia ten\u00eda 13.227 millones de d\u00f3lares, de los cuales Evo gast\u00f3 8.811 millones de d\u00f3lares, pero entre noviembre de 2019 y la gesti\u00f3n de Arce Catacora, se gastaron 6.073 millones de d\u00f3lares.<\/p>\n<p style=\"text-align: justify;\">En relaci\u00f3n a los Derechos Especiales de Giro (DEGs), Evo Morales no los utiliz\u00f3, pero Arce Catacora ech\u00f3 mano de 497 millones de d\u00f3lares, dejando \u00fanicamente 41 millones de d\u00f3lares como reservas.<\/p>\n<p style=\"text-align: justify;\">Quiroga considera que ahora es evidente que \u00abEvo y Arce son la yunta saqueadora\u00bb, ya que el nivel de reservas disminuy\u00f3 a 1.936 millones de d\u00f3lares para diciembre de 2023, entre el valor de oro, divisas, ahorros y fondos que maneja el Banco Central de Bolivia.<\/p>\n","protected":false},"excerpt":{"rendered":"<p>El expresidente Jorge Tuto Quiroga revel\u00f3 este domingo que durante los gobiernos de Evo Morales y Luis Arce Catacora, el pa\u00eds sufri\u00f3 la p\u00e9rdida de 18.652 millones de d\u00f3lares de los 20.588 millones de d\u00f3lares que constitu\u00edan las reservas internacionales (RIN) manejadas por el Banco Central de Bolivia. Explic\u00f3 que esta reducci\u00f3n se produjo entre [&hellip;]<\/p>\n","protected":false},"author":4,"featured_media":63541,"comment_status":"open","ping_status":"closed","sticky":false,"template":"","format":"standard","meta":{"footnotes":""},"categories":[18],"tags":[],"class_list":{"0":"post-63540","1":"post","2":"type-post","3":"status-publish","4":"format-standard","5":"has-post-thumbnail","7":"category-politica"},"_links":{"self":[{"href":"https:\/\/jms.com.bo\/mediamonitor\/wp-json\/wp\/v2\/posts\/63540","targetHints":{"allow":["GET"]}}],"collection":[{"href":"https:\/\/jms.com.bo\/mediamonitor\/wp-json\/wp\/v2\/posts"}],"about":[{"href":"https:\/\/jms.com.bo\/mediamonitor\/wp-json\/wp\/v2\/types\/post"}],"author":[{"embeddable":true,"href":"https:\/\/jms.com.bo\/mediamonitor\/wp-json\/wp\/v2\/users\/4"}],"replies":[{"embeddable":true,"href":"https:\/\/jms.com.bo\/mediamonitor\/wp-json\/wp\/v2\/comments?post=63540"}],"version-history":[{"count":0,"href":"https:\/\/jms.com.bo\/mediamonitor\/wp-json\/wp\/v2\/posts\/63540\/revisions"}],"wp:featuredmedia":[{"embeddable":true,"href":"https:\/\/jms.com.bo\/mediamonitor\/wp-json\/wp\/v2\/media\/63541"}],"wp:attachment":[{"href":"https:\/\/jms.com.bo\/mediamonitor\/wp-json\/wp\/v2\/media?parent=63540"}],"wp:term":[{"taxonomy":"category","embeddable":true,"href":"https:\/\/jms.com.bo\/mediamonitor\/wp-json\/wp\/v2\/categories?post=63540"},{"taxonomy":"post_tag","embeddable":true,"href":"https:\/\/jms.com.bo\/mediamonitor\/wp-json\/wp\/v2\/tags?post=63540"}],"curies":[{"name":"wp","href":"https:\/\/api.w.org\/{rel}","templated":true}]}}