{"id":63542,"date":"2024-02-19T07:00:00","date_gmt":"2024-02-19T11:00:00","guid":{"rendered":"https:\/\/jms.com.bo\/mediamonitor\/2024\/02\/19\/morales-legal-y-constitucionalmente-no-pueden-inhabilitarme-para-2025\/"},"modified":"2024-02-19T07:00:00","modified_gmt":"2024-02-19T11:00:00","slug":"morales-legal-y-constitucionalmente-no-pueden-inhabilitarme-para-2025","status":"publish","type":"post","link":"https:\/\/jms.com.bo\/mediamonitor\/2024\/02\/19\/morales-legal-y-constitucionalmente-no-pueden-inhabilitarme-para-2025\/","title":{"rendered":"Morales: \u2018Legal y constitucionalmente, no pueden inhabilitarme\u2019 para 2025"},"content":{"rendered":"<p style=\"text-align: justify;\">\u00abLegal y constitucionalmente, no pueden inhabilitarme\u00bb para las elecciones de 2025, dijo el expresidente del Estado y jefe nacional del Movimiento AL Socialismo (MAS), Evo Morales, este domingo.<\/p>\n<p style=\"text-align: justify;\">El exmandatario abord\u00f3 as\u00ed la supuesta intenci\u00f3n del presidente Luis Arce y su equipo de trabajo de \u00abevitar\u00bb su postulaci\u00f3n.<\/p>\n<p style=\"text-align: justify;\">Seg\u00fan el l\u00edder cocalero, funcionarios del Ministerio de la Presidencia y otras carteras de Estado, le informaron de ese \u00abplan\u00bb.<\/p>\n<p style=\"text-align: justify;\">A finales de diciembre de 2023, el Tribunal Constitucional Plurinacional (TCP) emiti\u00f3 la Declaraci\u00f3n Constitucional 1010\/2023, que elimin\u00f3 la repostulaci\u00f3n presidencial indefinida; adem\u00e1s, declar\u00f3 que \u00abno es un derecho humano\u00bb.<\/p>\n<p style=\"text-align: justify;\">El exmandatario y sectores que lo defienden vieron amenazadas sus pretensiones electorales y anunciaron \u00abdefensa\u00bb y exigieron la renuncia de los magistrados y consejeros electos en 2017 y que cumplieron su mandato constitucional el 31 de diciembre de 2023.<\/p>\n<p style=\"text-align: justify;\">Evo Morales<\/p>\n<p style=\"text-align: justify;\">\u201cLa misi\u00f3n de los autoprorrogados, como sea, es inhabilitar a Evo como candidato\u201d, reclam\u00f3 Morales.<\/p>\n<p style=\"text-align: justify;\">El exmandatario acus\u00f3 en varias ocasiones a los magistrados del TCP, de los que dijo que responde a \u00f3rdenes del presidente Luis Arce, con quien, adem\u00e1s, est\u00e1 distanciado pol\u00edticamente de Evo Morales.<\/p>\n<p style=\"text-align: justify;\">\u201cProscribir al MAS IPSP es pasar a la historia negra de quienes impulsen esto. Eliminar o inhabilitar a Evo de candidato a presidente, tambi\u00e9n pasa a la historia\u201d, dijo.<\/p>\n<p style=\"text-align: justify;\">Morales es el \u00fanico actor pol\u00edtico que confirm\u00f3 su candidatura porque, seg\u00fan dijo, fue \u201cobligado\u201d por las organizaciones afines a \u00e9l.<\/p>\n<p style=\"text-align: justify;\">Entretanto, Arce dijo que es \u201cprematuro\u201d hablar de elecciones y dijo que enfocar\u00e1 su trabajo en \u201chacer una buena gesti\u00f3n\u201d.<\/p>\n","protected":false},"excerpt":{"rendered":"<p>\u00abLegal y constitucionalmente, no pueden inhabilitarme\u00bb para las elecciones de 2025, dijo el expresidente del Estado y jefe nacional del Movimiento AL Socialismo (MAS), Evo Morales, este domingo. El exmandatario abord\u00f3 as\u00ed la supuesta intenci\u00f3n del presidente Luis Arce y su equipo de trabajo de \u00abevitar\u00bb su postulaci\u00f3n. Seg\u00fan el l\u00edder cocalero, funcionarios del Ministerio [&hellip;]<\/p>\n","protected":false},"author":4,"featured_media":63543,"comment_status":"open","ping_status":"closed","sticky":false,"template":"","format":"standard","meta":{"footnotes":""},"categories":[18],"tags":[],"class_list":{"0":"post-63542","1":"post","2":"type-post","3":"status-publish","4":"format-standard","5":"has-post-thumbnail","7":"category-politica"},"_links":{"self":[{"href":"https:\/\/jms.com.bo\/mediamonitor\/wp-json\/wp\/v2\/posts\/63542","targetHints":{"allow":["GET"]}}],"collection":[{"href":"https:\/\/jms.com.bo\/mediamonitor\/wp-json\/wp\/v2\/posts"}],"about":[{"href":"https:\/\/jms.com.bo\/mediamonitor\/wp-json\/wp\/v2\/types\/post"}],"author":[{"embeddable":true,"href":"https:\/\/jms.com.bo\/mediamonitor\/wp-json\/wp\/v2\/users\/4"}],"replies":[{"embeddable":true,"href":"https:\/\/jms.com.bo\/mediamonitor\/wp-json\/wp\/v2\/comments?post=63542"}],"version-history":[{"count":0,"href":"https:\/\/jms.com.bo\/mediamonitor\/wp-json\/wp\/v2\/posts\/63542\/revisions"}],"wp:featuredmedia":[{"embeddable":true,"href":"https:\/\/jms.com.bo\/mediamonitor\/wp-json\/wp\/v2\/media\/63543"}],"wp:attachment":[{"href":"https:\/\/jms.com.bo\/mediamonitor\/wp-json\/wp\/v2\/media?parent=63542"}],"wp:term":[{"taxonomy":"category","embeddable":true,"href":"https:\/\/jms.com.bo\/mediamonitor\/wp-json\/wp\/v2\/categories?post=63542"},{"taxonomy":"post_tag","embeddable":true,"href":"https:\/\/jms.com.bo\/mediamonitor\/wp-json\/wp\/v2\/tags?post=63542"}],"curies":[{"name":"wp","href":"https:\/\/api.w.org\/{rel}","templated":true}]}}