{"id":63544,"date":"2024-02-19T07:01:59","date_gmt":"2024-02-19T11:01:59","guid":{"rendered":"https:\/\/jms.com.bo\/mediamonitor\/2024\/02\/19\/dos-comisiones-abren-el-martes-el-registro-de-postulantes-a-cargos-judiciales-electivos\/"},"modified":"2024-02-19T07:01:59","modified_gmt":"2024-02-19T11:01:59","slug":"dos-comisiones-abren-el-martes-el-registro-de-postulantes-a-cargos-judiciales-electivos","status":"publish","type":"post","link":"https:\/\/jms.com.bo\/mediamonitor\/2024\/02\/19\/dos-comisiones-abren-el-martes-el-registro-de-postulantes-a-cargos-judiciales-electivos\/","title":{"rendered":"Dos comisiones abren el martes el registro de postulantes a cargos judiciales electivos"},"content":{"rendered":"<p style=\"text-align: justify;\">Las comisiones mixtas de Constituci\u00f3n, Legislaci\u00f3n y Sistema Electoral, y de Justicia Plural, Ministerio P\u00fablico y Defensa Legal abrir\u00e1n este martes el registro de postulantes a las elecciones judiciales. Su trabajo comenzar\u00e1 las 08.30,<\/p>\n<p style=\"text-align: justify;\">Seg\u00fan anunci\u00f3 este domingo el presidente de la Comisi\u00f3n de Constituci\u00f3n de la C\u00e1mara de Diputados, Juan Jos\u00e9 J\u00e1uregui, del Movimiento Al Socialismo (MAS), el tr\u00e1mite estar\u00e1 disponible durante 20 d\u00edas calendario.<\/p>\n<p style=\"text-align: justify;\">El s\u00e1bado, la C\u00e1mara de Senadores, a trav\u00e9s de sus redes sociales, public\u00f3 la convocatoria a postulaciones para las elecciones judiciales en sujeci\u00f3n a la Ley 1549, promulgada por el presidente Luis Arce el 6 de febrero.<\/p>\n<p style=\"text-align: justify;\">En criterio de J\u00e1uregui, los venideros comicios ser\u00e1n distintos a los de 2011 y 2017; especialmente en relaci\u00f3n a la aprobaci\u00f3n de todas las fases vinculadas a la Asamblea Legislativa con dos tercios de votos.<\/p>\n<p style=\"text-align: justify;\">Elecciones judiciales<\/p>\n<p style=\"text-align: justify;\">La Asamblea Legislativa tiene, a partir del martes, 80 d\u00edas para resolver y aprobar la preselecci\u00f3n de al menos 192 postulantes a los cargos de magistrados de los tribunales Supremo de Justicia, Constitucional y Agroambiental, y el Consejo de la Magistratura.<\/p>\n<p style=\"text-align: justify;\">Una vez terminado el trabajo de las comisiones y el mismo \u00d3rgano Legislativo, corresponder\u00e1 al Tribunal Supremo Electoral (TSE) organizar las elecciones judiciales en un plazo de 150 d\u00edas. Dicha tarea comenzar\u00e1 el mismo d\u00eda en que reciba, de parte de la Asamblea Legislativa, la lista aprobada de postulantes.<\/p>\n<p style=\"text-align: justify;\">Las elecciones judiciales son posibles luego de un acuerdo bicameral y tripartidario que secund\u00f3 a la Declaraci\u00f3n Constitucional 049\/2023; en ella, el Tribunal Constitucional prorrog\u00f3 el mandato de 23 magistrados y tres consejeros electos en 2017. Adem\u00e1s, dicha sentencia declar\u00f3 inconstitucionales ocho art\u00edculos del fallido Proyecto de Ley 144 aprobado el 31 de agosto de 2023 en la C\u00e1mara de Senadores.<\/p>\n<p style=\"text-align: justify;\">Sin embargo, ese proyecto fue la base de la ahora Ley 1549, Transitoria de Elecciones Judiciales.<\/p>\n","protected":false},"excerpt":{"rendered":"<p>Las comisiones mixtas de Constituci\u00f3n, Legislaci\u00f3n y Sistema Electoral, y de Justicia Plural, Ministerio P\u00fablico y Defensa Legal abrir\u00e1n este martes el registro de postulantes a las elecciones judiciales. Su trabajo comenzar\u00e1 las 08.30, Seg\u00fan anunci\u00f3 este domingo el presidente de la Comisi\u00f3n de Constituci\u00f3n de la C\u00e1mara de Diputados, Juan Jos\u00e9 J\u00e1uregui, del Movimiento [&hellip;]<\/p>\n","protected":false},"author":4,"featured_media":63545,"comment_status":"open","ping_status":"closed","sticky":false,"template":"","format":"standard","meta":{"footnotes":""},"categories":[18,48,46],"tags":[],"class_list":{"0":"post-63544","1":"post","2":"type-post","3":"status-publish","4":"format-standard","5":"has-post-thumbnail","7":"category-politica","8":"category-portada-general-sitio","9":"category-portada-politica"},"_links":{"self":[{"href":"https:\/\/jms.com.bo\/mediamonitor\/wp-json\/wp\/v2\/posts\/63544","targetHints":{"allow":["GET"]}}],"collection":[{"href":"https:\/\/jms.com.bo\/mediamonitor\/wp-json\/wp\/v2\/posts"}],"about":[{"href":"https:\/\/jms.com.bo\/mediamonitor\/wp-json\/wp\/v2\/types\/post"}],"author":[{"embeddable":true,"href":"https:\/\/jms.com.bo\/mediamonitor\/wp-json\/wp\/v2\/users\/4"}],"replies":[{"embeddable":true,"href":"https:\/\/jms.com.bo\/mediamonitor\/wp-json\/wp\/v2\/comments?post=63544"}],"version-history":[{"count":0,"href":"https:\/\/jms.com.bo\/mediamonitor\/wp-json\/wp\/v2\/posts\/63544\/revisions"}],"wp:featuredmedia":[{"embeddable":true,"href":"https:\/\/jms.com.bo\/mediamonitor\/wp-json\/wp\/v2\/media\/63545"}],"wp:attachment":[{"href":"https:\/\/jms.com.bo\/mediamonitor\/wp-json\/wp\/v2\/media?parent=63544"}],"wp:term":[{"taxonomy":"category","embeddable":true,"href":"https:\/\/jms.com.bo\/mediamonitor\/wp-json\/wp\/v2\/categories?post=63544"},{"taxonomy":"post_tag","embeddable":true,"href":"https:\/\/jms.com.bo\/mediamonitor\/wp-json\/wp\/v2\/tags?post=63544"}],"curies":[{"name":"wp","href":"https:\/\/api.w.org\/{rel}","templated":true}]}}