{"id":63552,"date":"2024-02-19T07:08:35","date_gmt":"2024-02-19T11:08:35","guid":{"rendered":"https:\/\/jms.com.bo\/mediamonitor\/2024\/02\/19\/gobierno-y-empresarios-se-reuniran-de-nuevo-este-lunes-buscan-solucion-a-la-falta-de-dolares\/"},"modified":"2024-02-19T07:08:35","modified_gmt":"2024-02-19T11:08:35","slug":"gobierno-y-empresarios-se-reuniran-de-nuevo-este-lunes-buscan-solucion-a-la-falta-de-dolares","status":"publish","type":"post","link":"https:\/\/jms.com.bo\/mediamonitor\/2024\/02\/19\/gobierno-y-empresarios-se-reuniran-de-nuevo-este-lunes-buscan-solucion-a-la-falta-de-dolares\/","title":{"rendered":"Gobierno y empresarios se reunir\u00e1n de nuevo este lunes; buscan soluci\u00f3n a la falta de d\u00f3lares"},"content":{"rendered":"<p style=\"text-align: justify;\">El Gobierno y la Confederaci\u00f3n de Empresarios Privados de Bolivia (CEPB) se reunir\u00e1n nuevamente en para abordar posibles soluciones a la escasez de d\u00f3lares en el mercado nacional.<\/p>\n<p style=\"text-align: justify;\">La cita es a las 08.30 en el edificio del Ministerio de Econom\u00eda y Finanzas P\u00fablicas, en la avenida Mariscal Santa Cruz, en el centro de La Paz.<\/p>\n<p style=\"text-align: justify;\">El primer encuentro fue el anterior viernes. En \u00e9l, acordaron enfrentar juntos la falta de la divisa estadounidense en el pa\u00eds.<\/p>\n<p style=\"text-align: justify;\">Los empresarios hicieron conocer la problem\u00e1tica que atraviesan sus afiliados para obtener esa moneda y realizar las transacciones, principalmente de importaci\u00f3n, adem\u00e1s del aumento en las comisiones de pagos al exterior.<\/p>\n<p style=\"text-align: justify;\">Adem\u00e1s, plantearon una serie de propuestas respecto a la problem\u00e1tica, las que ser\u00e1n analizadas por el Gobierno a fin de evitar que afecte a la econom\u00eda.<\/p>\n<p style=\"text-align: justify;\">Por su parte, el ministro de Econom\u00eda, Marcelo Montenegro, indic\u00f3 que en la reuni\u00f3n los representantes del empresariado privado manifestaron sus inquietudes y el escenario en el que se encuentran por la falta de d\u00f3lares. A la par, el Gobierno tambi\u00e9n expres\u00f3 el trabajo que realizan para evitar que se genere una problem\u00e1tica por este tema.<\/p>\n<p style=\"text-align: justify;\">Ni la autoridad ni los empresarios explicaron en qu\u00e9 consiste las propuestas ni preocupaciones, menos las soluciones para enfrentar la crisis por los d\u00f3lares.<\/p>\n<p style=\"text-align: justify;\">Varios usuarios y empresarios advirtieron la falta de la divisa a finales de febrero del a\u00f1o pasado, pero el Gobierno lo atribuy\u00f3 a la \u201cespeculaci\u00f3n\u201d de los sectores que la comercializan.<\/p>\n","protected":false},"excerpt":{"rendered":"<p>El Gobierno y la Confederaci\u00f3n de Empresarios Privados de Bolivia (CEPB) se reunir\u00e1n nuevamente en para abordar posibles soluciones a la escasez de d\u00f3lares en el mercado nacional. La cita es a las 08.30 en el edificio del Ministerio de Econom\u00eda y Finanzas P\u00fablicas, en la avenida Mariscal Santa Cruz, en el centro de La [&hellip;]<\/p>\n","protected":false},"author":4,"featured_media":63553,"comment_status":"open","ping_status":"closed","sticky":false,"template":"","format":"standard","meta":{"footnotes":""},"categories":[25,45,48],"tags":[],"class_list":{"0":"post-63552","1":"post","2":"type-post","3":"status-publish","4":"format-standard","5":"has-post-thumbnail","7":"category-economia","8":"category-portada-economia","9":"category-portada-general-sitio"},"_links":{"self":[{"href":"https:\/\/jms.com.bo\/mediamonitor\/wp-json\/wp\/v2\/posts\/63552","targetHints":{"allow":["GET"]}}],"collection":[{"href":"https:\/\/jms.com.bo\/mediamonitor\/wp-json\/wp\/v2\/posts"}],"about":[{"href":"https:\/\/jms.com.bo\/mediamonitor\/wp-json\/wp\/v2\/types\/post"}],"author":[{"embeddable":true,"href":"https:\/\/jms.com.bo\/mediamonitor\/wp-json\/wp\/v2\/users\/4"}],"replies":[{"embeddable":true,"href":"https:\/\/jms.com.bo\/mediamonitor\/wp-json\/wp\/v2\/comments?post=63552"}],"version-history":[{"count":0,"href":"https:\/\/jms.com.bo\/mediamonitor\/wp-json\/wp\/v2\/posts\/63552\/revisions"}],"wp:featuredmedia":[{"embeddable":true,"href":"https:\/\/jms.com.bo\/mediamonitor\/wp-json\/wp\/v2\/media\/63553"}],"wp:attachment":[{"href":"https:\/\/jms.com.bo\/mediamonitor\/wp-json\/wp\/v2\/media?parent=63552"}],"wp:term":[{"taxonomy":"category","embeddable":true,"href":"https:\/\/jms.com.bo\/mediamonitor\/wp-json\/wp\/v2\/categories?post=63552"},{"taxonomy":"post_tag","embeddable":true,"href":"https:\/\/jms.com.bo\/mediamonitor\/wp-json\/wp\/v2\/tags?post=63552"}],"curies":[{"name":"wp","href":"https:\/\/api.w.org\/{rel}","templated":true}]}}