{"id":63566,"date":"2024-02-20T07:06:07","date_gmt":"2024-02-20T11:06:07","guid":{"rendered":"https:\/\/jms.com.bo\/mediamonitor\/2024\/02\/20\/modificacion-a-la-ley-de-items-en-salud-moviliza-a-trabajadores\/"},"modified":"2024-02-20T07:06:07","modified_gmt":"2024-02-20T11:06:07","slug":"modificacion-a-la-ley-de-items-en-salud-moviliza-a-trabajadores","status":"publish","type":"post","link":"https:\/\/jms.com.bo\/mediamonitor\/2024\/02\/20\/modificacion-a-la-ley-de-items-en-salud-moviliza-a-trabajadores\/","title":{"rendered":"Modificaci\u00f3n a la Ley de \u00edtems en salud moviliza a trabajadores"},"content":{"rendered":"<p style=\"text-align: justify;\">A solicitud de la Gobernaci\u00f3n de Tarija, actualmente la Asamblea Legislativa Departamental de Tarija (ALDT) tiene en sus manos el proyecto de ley \u201cRegulaci\u00f3n de \u00edtems de salud destinados al fortalecimiento a los establecimientos de salud de tercer nivel\u201d, que deja sin efecto tres leyes, entre ellas, la Ley 104 de creaci\u00f3n de 629 \u00edtems de salud, y amenaza con menguar estos espacios debido a la baja disponibilidad financiera. Esta situaci\u00f3n ha movilizado a los trabajadores en, quienes expresaron su rechazo.<\/p>\n<p style=\"text-align: justify;\">El gobernador de Tarija, Oscar Montes, explic\u00f3 que actualmente el Gobierno Departamental tiene una tendencia a disminuir los recursos que administra anualmente, y en consecuencia, la Asamblea Departamental debe coadyuvar a efectuar una adecuaci\u00f3n a esta nueva realidad econ\u00f3mica.<\/p>\n<p style=\"text-align: justify;\">En esa l\u00ednea, se conoci\u00f3 que el proyecto de ley presentado por la Gobernaci\u00f3n, plantea que esta entidad asuma su competencia en el \u00e1rea de salud, la cual est\u00e1 referida a garantizar el funcionamiento de los establecimientos de tercer nivel, m\u00e1s no as\u00ed en los centros de primer y segundo nivel como lo hace ahora, ya que estos ser\u00edan de competencia municipal.<\/p>\n<p style=\"text-align: justify;\">Oscar Montes: \u201cDe aqu\u00ed a tres a\u00f1os, las alcald\u00edas van a tener 10 veces m\u00e1s plata que la Gobernaci\u00f3n. Entonces, lo l\u00f3gico, es que todos los \u00edtems sean pagados por los municipios\u201d<br \/>\n\u201cEn estos momentos las alcald\u00edas tienen 200 millones de bolivianos m\u00e1s que la Gobernaci\u00f3n, y nosotros seguimos asumiendo su responsabilidad, de aqu\u00ed a tres a\u00f1os, las alcald\u00edas van a tener 10 veces m\u00e1s plata que la Gobernaci\u00f3n. Entonces lo l\u00f3gico, es que todos los \u00edtems que pueden ser pagados por los municipios, vayan migrando, migren al TGN o municipio, porque la Gobernaci\u00f3n no va a tener plata para pagar esos \u00edtems\u201d, afirm\u00f3.<\/p>\n<p style=\"text-align: justify;\">El proyecto de ley planteado, tiene por objeto, regular el financiamiento, otorgaci\u00f3n, dotaci\u00f3n y administraci\u00f3n de \u00edtems de salud destinados para el fortalecimiento a los establecimientos de salud de tercer nivel en Tarija. Y deja sin efecto a la Ley N\u00b0104 de creaci\u00f3n de \u00edtems de salud, Ley N\u00b0153 de creaci\u00f3n y administraci\u00f3n de \u00edtems, y la Ley de reajuste salarial y reasignaci\u00f3n de los \u00edtems de salud financiados por la Gobernaci\u00f3n.<\/p>\n<p style=\"text-align: justify;\">El presidente del Colegio M\u00e9dico de Tarija, Edwin Valdez, a tiempo de liderar una marcha de protesta que lleg\u00f3 hasta la plaza Luis de Fuentes, se\u00f1al\u00f3 que el personal en salud no est\u00e1 de acuerdo con ser removido hacia los establecimientos de tercer nivel, ya que estos espacios est\u00e1n institucionalizados mediante ley.<\/p>\n<p style=\"text-align: justify;\">\u201cYa se han movido a muchos profesionales, inclusive hasta con amenazas se los ha llevado a otros centros de salud a otros municipios, no sabemos cu\u00e1ntos de estos \u00edtems ya han sido dados de baja, cu\u00e1ntos han renunciado, cu\u00e1ntos no est\u00e1n cumpliendo su funci\u00f3n y cu\u00e1ntos han sido removidos\u201d, apunt\u00f3.<\/p>\n<p style=\"text-align: justify;\">Valdez manifest\u00f3 que la normativa plantea realizar un estudio de factibilidad y amenaza con menguar a los profesionales con \u00edtems, y muchos de estos ya tienen beneficios adquiridos y ahora quedan en incertidumbre sobre qu\u00e9 va a pasar. Argument\u00f3 que es responsabilidad del Gobernador hacer las gestiones ante el Gobierno Nacional para aumentar m\u00e1s profesionales en salud.<\/p>\n","protected":false},"excerpt":{"rendered":"<p>A solicitud de la Gobernaci\u00f3n de Tarija, actualmente la Asamblea Legislativa Departamental de Tarija (ALDT) tiene en sus manos el proyecto de ley \u201cRegulaci\u00f3n de \u00edtems de salud destinados al fortalecimiento a los establecimientos de salud de tercer nivel\u201d, que deja sin efecto tres leyes, entre ellas, la Ley 104 de creaci\u00f3n de 629 \u00edtems [&hellip;]<\/p>\n","protected":false},"author":4,"featured_media":63567,"comment_status":"open","ping_status":"closed","sticky":false,"template":"","format":"standard","meta":{"footnotes":""},"categories":[53],"tags":[],"class_list":{"0":"post-63566","1":"post","2":"type-post","3":"status-publish","4":"format-standard","5":"has-post-thumbnail","7":"category-salud"},"_links":{"self":[{"href":"https:\/\/jms.com.bo\/mediamonitor\/wp-json\/wp\/v2\/posts\/63566","targetHints":{"allow":["GET"]}}],"collection":[{"href":"https:\/\/jms.com.bo\/mediamonitor\/wp-json\/wp\/v2\/posts"}],"about":[{"href":"https:\/\/jms.com.bo\/mediamonitor\/wp-json\/wp\/v2\/types\/post"}],"author":[{"embeddable":true,"href":"https:\/\/jms.com.bo\/mediamonitor\/wp-json\/wp\/v2\/users\/4"}],"replies":[{"embeddable":true,"href":"https:\/\/jms.com.bo\/mediamonitor\/wp-json\/wp\/v2\/comments?post=63566"}],"version-history":[{"count":0,"href":"https:\/\/jms.com.bo\/mediamonitor\/wp-json\/wp\/v2\/posts\/63566\/revisions"}],"wp:featuredmedia":[{"embeddable":true,"href":"https:\/\/jms.com.bo\/mediamonitor\/wp-json\/wp\/v2\/media\/63567"}],"wp:attachment":[{"href":"https:\/\/jms.com.bo\/mediamonitor\/wp-json\/wp\/v2\/media?parent=63566"}],"wp:term":[{"taxonomy":"category","embeddable":true,"href":"https:\/\/jms.com.bo\/mediamonitor\/wp-json\/wp\/v2\/categories?post=63566"},{"taxonomy":"post_tag","embeddable":true,"href":"https:\/\/jms.com.bo\/mediamonitor\/wp-json\/wp\/v2\/tags?post=63566"}],"curies":[{"name":"wp","href":"https:\/\/api.w.org\/{rel}","templated":true}]}}