{"id":63570,"date":"2024-02-20T07:09:04","date_gmt":"2024-02-20T11:09:04","guid":{"rendered":"https:\/\/jms.com.bo\/mediamonitor\/2024\/02\/20\/interculturales-fejuve-y-alcaldesa-de-el-alto-exigen-al-legislativo-aprobar-creditos-advierten-con-medidas-de-presion\/"},"modified":"2024-02-20T07:09:04","modified_gmt":"2024-02-20T11:09:04","slug":"interculturales-fejuve-y-alcaldesa-de-el-alto-exigen-al-legislativo-aprobar-creditos-advierten-con-medidas-de-presion","status":"publish","type":"post","link":"https:\/\/jms.com.bo\/mediamonitor\/2024\/02\/20\/interculturales-fejuve-y-alcaldesa-de-el-alto-exigen-al-legislativo-aprobar-creditos-advierten-con-medidas-de-presion\/","title":{"rendered":"Interculturales, Fejuve y alcaldesa de El Alto exigen al Legislativo aprobar cr\u00e9ditos, advierten con medidas de presi\u00f3n"},"content":{"rendered":"<p style=\"text-align: justify;\">La Confederaci\u00f3n de Comunidades Interculturales de Bolivia, la Federaci\u00f3n de Juntas Vecinales de El Alto y la alcaldesa Eva Copa coincidieron en exigir a la Asamblea Legislativa Plurinacional (ALP) la aprobaci\u00f3n de cr\u00e9ditos por m\u00e1s de $us 825 millones para la ejecuci\u00f3n de obras de gran escala, y advirtieron con asumir medidas en caso de continuar el \u201cboicot\u201d.<\/p>\n<p style=\"text-align: justify;\">\u201cLa familia intercultural est\u00e1 molesta, y vamos a entrar en estado de emergencia por el bloqueo de la Asamblea; no podemos perjudicar y sabotear a nuestro presidente (Luis Arce) por decisiones de Evo Morales Ayma\u201d, advirti\u00f3 el secretario de Relaciones de la Confederaci\u00f3n, Jacinto Calani, a Bolivia Tv.<\/p>\n<p style=\"text-align: justify;\">De acuerdo con el dirigente, los seguidores del expresidente Morales son \u201cenemigos del pueblo\u201d por no cumplir con su labor de aprobar los proyectos de ley que est\u00e1n paralizados en su tratamiento de hace m\u00e1s de un a\u00f1o.<\/p>\n<p style=\"text-align: justify;\">\u201cNo hagan enojar al pueblo alte\u00f1o\u201d, advirti\u00f3 en l\u00ednea del presidente de la Fejuve de El Alto, Juan Saucedo.<\/p>\n<p style=\"text-align: justify;\">Copa afirm\u00f3 que los opositores y los \u201cevistas\u201d \u201cno s\u00f3lo le hacen da\u00f1o al presidente\u201d con su \u201cboicot\u201d en la Asamblea, sino tambi\u00e9n \u201cle est\u00e1n haciendo da\u00f1o al pa\u00eds, porque estancan la econom\u00eda\u201d.<\/p>\n<p style=\"text-align: justify;\">El Alto exige la aprobaci\u00f3n del cr\u00e9dito otorgado por el Fondo Financiero para el Desarrollo de la Cuenca del Plata (Fonplata), por $us 57.246.082,37, para el proyecto de mejoramiento y ampliaci\u00f3n a ocho carriles de la carretera La Paz &#8211; Oruro, tramo Senkata \u2013 Apacheta.<\/p>\n<p style=\"text-align: justify;\">\u201cQuieren especular con la crisis econ\u00f3mica, obstaculizando los cr\u00e9ditos que se tiene; \u00a1son m\u00e1s de 800 millones de d\u00f3lares que est\u00e1n parados en la Asamblea Legislativa! Si ellos aprobaran este cr\u00e9dito, habr\u00eda mayor movimiento econ\u00f3mico\u201d, insisti\u00f3 Copa.<\/p>\n<p style=\"text-align: justify;\">Responsabiliz\u00f3 de este bloqueo a los diputados y senadores que responden al exmandatario quien, adem\u00e1s, respald\u00f3 el bloqueo de caminos acatado entre el 22 de enero y el 6 de febrero que provoc\u00f3 un da\u00f1o econ\u00f3mico de cerca de $us 1.000 millones.<\/p>\n","protected":false},"excerpt":{"rendered":"<p>La Confederaci\u00f3n de Comunidades Interculturales de Bolivia, la Federaci\u00f3n de Juntas Vecinales de El Alto y la alcaldesa Eva Copa coincidieron en exigir a la Asamblea Legislativa Plurinacional (ALP) la aprobaci\u00f3n de cr\u00e9ditos por m\u00e1s de $us 825 millones para la ejecuci\u00f3n de obras de gran escala, y advirtieron con asumir medidas en caso de [&hellip;]<\/p>\n","protected":false},"author":4,"featured_media":63571,"comment_status":"open","ping_status":"closed","sticky":false,"template":"","format":"standard","meta":{"footnotes":""},"categories":[49],"tags":[],"class_list":{"0":"post-63570","1":"post","2":"type-post","3":"status-publish","4":"format-standard","5":"has-post-thumbnail","7":"category-social"},"_links":{"self":[{"href":"https:\/\/jms.com.bo\/mediamonitor\/wp-json\/wp\/v2\/posts\/63570","targetHints":{"allow":["GET"]}}],"collection":[{"href":"https:\/\/jms.com.bo\/mediamonitor\/wp-json\/wp\/v2\/posts"}],"about":[{"href":"https:\/\/jms.com.bo\/mediamonitor\/wp-json\/wp\/v2\/types\/post"}],"author":[{"embeddable":true,"href":"https:\/\/jms.com.bo\/mediamonitor\/wp-json\/wp\/v2\/users\/4"}],"replies":[{"embeddable":true,"href":"https:\/\/jms.com.bo\/mediamonitor\/wp-json\/wp\/v2\/comments?post=63570"}],"version-history":[{"count":0,"href":"https:\/\/jms.com.bo\/mediamonitor\/wp-json\/wp\/v2\/posts\/63570\/revisions"}],"wp:featuredmedia":[{"embeddable":true,"href":"https:\/\/jms.com.bo\/mediamonitor\/wp-json\/wp\/v2\/media\/63571"}],"wp:attachment":[{"href":"https:\/\/jms.com.bo\/mediamonitor\/wp-json\/wp\/v2\/media?parent=63570"}],"wp:term":[{"taxonomy":"category","embeddable":true,"href":"https:\/\/jms.com.bo\/mediamonitor\/wp-json\/wp\/v2\/categories?post=63570"},{"taxonomy":"post_tag","embeddable":true,"href":"https:\/\/jms.com.bo\/mediamonitor\/wp-json\/wp\/v2\/tags?post=63570"}],"curies":[{"name":"wp","href":"https:\/\/api.w.org\/{rel}","templated":true}]}}