{"id":63572,"date":"2024-02-20T07:10:56","date_gmt":"2024-02-20T11:10:56","guid":{"rendered":"https:\/\/jms.com.bo\/mediamonitor\/2024\/02\/20\/artesanos-de-paurito-denuncian-avasallamientos-en-area-protegida-palmera-de-sao\/"},"modified":"2024-02-20T07:10:56","modified_gmt":"2024-02-20T11:10:56","slug":"artesanos-de-paurito-denuncian-avasallamientos-en-area-protegida-palmera-de-sao","status":"publish","type":"post","link":"https:\/\/jms.com.bo\/mediamonitor\/2024\/02\/20\/artesanos-de-paurito-denuncian-avasallamientos-en-area-protegida-palmera-de-sao\/","title":{"rendered":"Artesanos de Paurito denuncian avasallamientos en \u00e1rea protegida Palmera de Sa\u00f3"},"content":{"rendered":"<p style=\"text-align: justify;\">Los artesanos de la localidad de Paurito se declararon en emergencia, este lunes, luego de denunciar que un grupo personas ingres\u00f3 a asentarse, de manera irregular, en el \u00e1rea protegida municipal Palmera de Sa\u00f3, que pertenece al municipio de Cabezas y que colinda con este distrito municipal cruce\u00f1o.<\/p>\n<p style=\"text-align: justify;\">Mariela Guti\u00e9rrez, presidenta de los Asociaci\u00f3n de Artesanos de Paurito, indic\u00f3 que los avasalladores est\u00e1n atentando contra la palmera que es usada para realizar infinidad de objetos y art\u00edculos t\u00edpicos de Santa Cruz, como el sombrero de sa\u00f3<\/p>\n<p style=\"text-align: justify;\">La Ley de Ordenanza Municipal de Cabezas 018\/2005 orden\u00f3 la creaci\u00f3n del \u00e1rea protegida con una extensi\u00f3n de 758 hect\u00e1reas en 2005 con la finalidad de conservar la Palmera de Sa\u00f3, una especie vegetal en peligro que es usada principalmente por los artesanos de Paurito.<\/p>\n<p style=\"text-align: justify;\">Los pobladores de Paurito no son los \u00fanicos afectados, pues tambi\u00e9n est\u00e1n siendo perjudicados los vivientes de: Tijera, Tundi, Jorori, Santa Fe, que pertenecen al Distrito Municipal 14 de Santa Cruz, as\u00ed como otras comunidades cercanas a la zona avasallada.<\/p>\n<p style=\"text-align: justify;\">Eduardo Farel, dirigente vecinal de Paurito, inform\u00f3 a EL DEBER que los presuntos avasalladores ingresaron al \u00e1rea protegida Palmera de Sa\u00f3 el fin de semana y empezaron a cortar la especie vegetal con la finalidad de instalar algunas carpas.<\/p>\n<p style=\"text-align: justify;\">Farel responsabiliz\u00f3 al Instituto Nacional de Reforma Agraria por permitir los asentamientos ilegales y pidi\u00f3 a las autoridades desalojarlos para preservar la zona protegida.<\/p>\n","protected":false},"excerpt":{"rendered":"<p>Los artesanos de la localidad de Paurito se declararon en emergencia, este lunes, luego de denunciar que un grupo personas ingres\u00f3 a asentarse, de manera irregular, en el \u00e1rea protegida municipal Palmera de Sa\u00f3, que pertenece al municipio de Cabezas y que colinda con este distrito municipal cruce\u00f1o. Mariela Guti\u00e9rrez, presidenta de los Asociaci\u00f3n de [&hellip;]<\/p>\n","protected":false},"author":4,"featured_media":63573,"comment_status":"open","ping_status":"closed","sticky":false,"template":"","format":"standard","meta":{"footnotes":""},"categories":[49],"tags":[],"class_list":{"0":"post-63572","1":"post","2":"type-post","3":"status-publish","4":"format-standard","5":"has-post-thumbnail","7":"category-social"},"_links":{"self":[{"href":"https:\/\/jms.com.bo\/mediamonitor\/wp-json\/wp\/v2\/posts\/63572","targetHints":{"allow":["GET"]}}],"collection":[{"href":"https:\/\/jms.com.bo\/mediamonitor\/wp-json\/wp\/v2\/posts"}],"about":[{"href":"https:\/\/jms.com.bo\/mediamonitor\/wp-json\/wp\/v2\/types\/post"}],"author":[{"embeddable":true,"href":"https:\/\/jms.com.bo\/mediamonitor\/wp-json\/wp\/v2\/users\/4"}],"replies":[{"embeddable":true,"href":"https:\/\/jms.com.bo\/mediamonitor\/wp-json\/wp\/v2\/comments?post=63572"}],"version-history":[{"count":0,"href":"https:\/\/jms.com.bo\/mediamonitor\/wp-json\/wp\/v2\/posts\/63572\/revisions"}],"wp:featuredmedia":[{"embeddable":true,"href":"https:\/\/jms.com.bo\/mediamonitor\/wp-json\/wp\/v2\/media\/63573"}],"wp:attachment":[{"href":"https:\/\/jms.com.bo\/mediamonitor\/wp-json\/wp\/v2\/media?parent=63572"}],"wp:term":[{"taxonomy":"category","embeddable":true,"href":"https:\/\/jms.com.bo\/mediamonitor\/wp-json\/wp\/v2\/categories?post=63572"},{"taxonomy":"post_tag","embeddable":true,"href":"https:\/\/jms.com.bo\/mediamonitor\/wp-json\/wp\/v2\/tags?post=63572"}],"curies":[{"name":"wp","href":"https:\/\/api.w.org\/{rel}","templated":true}]}}