{"id":63578,"date":"2024-02-20T07:15:53","date_gmt":"2024-02-20T11:15:53","guid":{"rendered":"https:\/\/jms.com.bo\/mediamonitor\/2024\/02\/20\/el-nivel-del-lago-titicaca-subio-siete-centimetros-en-una-semana\/"},"modified":"2024-02-20T07:15:53","modified_gmt":"2024-02-20T11:15:53","slug":"el-nivel-del-lago-titicaca-subio-siete-centimetros-en-una-semana","status":"publish","type":"post","link":"https:\/\/jms.com.bo\/mediamonitor\/2024\/02\/20\/el-nivel-del-lago-titicaca-subio-siete-centimetros-en-una-semana\/","title":{"rendered":"El nivel del lago Titicaca subi\u00f3 siete cent\u00edmetros en una semana"},"content":{"rendered":"<p style=\"text-align: justify;\">Las lluvias ayudan a la recuperaci\u00f3n del lago Titicaca, que pas\u00f3 de presentar un m\u00ednimo hist\u00f3rico el a\u00f1o pasado, a mostrar una mejora alentadora en cuesti\u00f3n de d\u00edas. As\u00ed lo reflejan las cifras del Servicio Nacional de Meteorolog\u00eda e Hidrolog\u00eda (Senamhi).<\/p>\n<p style=\"text-align: justify;\">\u201cHemos tenido ascensos en la \u00faltima semana. La anterior semana ten\u00edamos un ascenso de seis cent\u00edmetros, pero hasta la fecha tenemos un ascenso de 13 cent\u00edmetros. Es decir, de la semana anterior ha aumentado siete cent\u00edmetros m\u00e1s\u201d, explic\u00f3 el director general del Senamhi, Hugo Mamani, en conferencia.<\/p>\n<p style=\"text-align: justify;\">En octubre del a\u00f1o pasado, la misma instituci\u00f3n daba la mala noticia de un nuevo r\u00e9cord de descenso de nivel de sus aguas para el lago Titicaca, que era golpeado por la sequ\u00eda. Para esas fechas hab\u00eda llegado a un nivel de 2,93 metros, rompiendo as\u00ed el registro de 1996, de 2,99 metros.<\/p>\n<p style=\"text-align: justify;\">No obstante, luego de esa mala racha, de a poco las lluvias llegaron al pa\u00eds. Lo que al principio parec\u00eda ser una \u00e9poca de precipitaciones tenue, sube de intensidad y ha llegado esta semana a preocupar y hasta causar muertes en varias regiones.<\/p>\n<p style=\"text-align: justify;\">El agua es vida para el Titicaca, que, aunque a\u00fan no est\u00e1 en niveles \u00f3ptimos, va camino a una recuperaci\u00f3n.<\/p>\n<p style=\"text-align: justify;\">\u201cRespecto a lo que estaba en su nivel m\u00e1s bajo, ya se ha tenido un ascenso de 13 cent\u00edmetros. Probablemente tengamos mayor ascenso en estos d\u00edas por las lluvias; pero a\u00fan estamos muy por debajo de lo que son los anteriores a\u00f1os\u201d.<\/p>\n","protected":false},"excerpt":{"rendered":"<p>Las lluvias ayudan a la recuperaci\u00f3n del lago Titicaca, que pas\u00f3 de presentar un m\u00ednimo hist\u00f3rico el a\u00f1o pasado, a mostrar una mejora alentadora en cuesti\u00f3n de d\u00edas. As\u00ed lo reflejan las cifras del Servicio Nacional de Meteorolog\u00eda e Hidrolog\u00eda (Senamhi). \u201cHemos tenido ascensos en la \u00faltima semana. La anterior semana ten\u00edamos un ascenso de [&hellip;]<\/p>\n","protected":false},"author":4,"featured_media":63579,"comment_status":"open","ping_status":"closed","sticky":false,"template":"","format":"standard","meta":{"footnotes":""},"categories":[20],"tags":[],"class_list":{"0":"post-63578","1":"post","2":"type-post","3":"status-publish","4":"format-standard","5":"has-post-thumbnail","7":"category-actualidad"},"_links":{"self":[{"href":"https:\/\/jms.com.bo\/mediamonitor\/wp-json\/wp\/v2\/posts\/63578","targetHints":{"allow":["GET"]}}],"collection":[{"href":"https:\/\/jms.com.bo\/mediamonitor\/wp-json\/wp\/v2\/posts"}],"about":[{"href":"https:\/\/jms.com.bo\/mediamonitor\/wp-json\/wp\/v2\/types\/post"}],"author":[{"embeddable":true,"href":"https:\/\/jms.com.bo\/mediamonitor\/wp-json\/wp\/v2\/users\/4"}],"replies":[{"embeddable":true,"href":"https:\/\/jms.com.bo\/mediamonitor\/wp-json\/wp\/v2\/comments?post=63578"}],"version-history":[{"count":0,"href":"https:\/\/jms.com.bo\/mediamonitor\/wp-json\/wp\/v2\/posts\/63578\/revisions"}],"wp:featuredmedia":[{"embeddable":true,"href":"https:\/\/jms.com.bo\/mediamonitor\/wp-json\/wp\/v2\/media\/63579"}],"wp:attachment":[{"href":"https:\/\/jms.com.bo\/mediamonitor\/wp-json\/wp\/v2\/media?parent=63578"}],"wp:term":[{"taxonomy":"category","embeddable":true,"href":"https:\/\/jms.com.bo\/mediamonitor\/wp-json\/wp\/v2\/categories?post=63578"},{"taxonomy":"post_tag","embeddable":true,"href":"https:\/\/jms.com.bo\/mediamonitor\/wp-json\/wp\/v2\/tags?post=63578"}],"curies":[{"name":"wp","href":"https:\/\/api.w.org\/{rel}","templated":true}]}}