{"id":63585,"date":"2024-02-20T07:24:01","date_gmt":"2024-02-20T11:24:01","guid":{"rendered":"https:\/\/jms.com.bo\/mediamonitor\/2024\/02\/20\/mario-aguilera-recibe-auditoria-a-la-gestion-de-luis-fernando-camacho\/"},"modified":"2024-02-20T07:24:01","modified_gmt":"2024-02-20T11:24:01","slug":"mario-aguilera-recibe-auditoria-a-la-gestion-de-luis-fernando-camacho","status":"publish","type":"post","link":"https:\/\/jms.com.bo\/mediamonitor\/2024\/02\/20\/mario-aguilera-recibe-auditoria-a-la-gestion-de-luis-fernando-camacho\/","title":{"rendered":"Mario Aguilera recibe auditor\u00eda a la gesti\u00f3n de Luis Fernando Camacho"},"content":{"rendered":"<p style=\"text-align: justify;\">El informe de confiabilidad de los estados financieros y las deficiencias de control emergente del a\u00f1o 2023, durante la gesti\u00f3n de Luis Fernando Camacho en la Gobernaci\u00f3n cruce\u00f1a, fue entregado al gobernador en suplencia, Mario Aguilera.<\/p>\n<p style=\"text-align: justify;\">El asesor general de la Gobernaci\u00f3n cruce\u00f1a, Luis Fernando Roca, indic\u00f3 que el despacho de Mario Aguilera recibi\u00f3 el informe entre las 15:00 y 16:00 de ayer. Ahora, prosigui\u00f3 el asesor, la autoridad departamental deber\u00e1 revisar esta auditor\u00eda realizada.<\/p>\n<p style=\"text-align: justify;\">Luego, la resoluci\u00f3n departamental, que aprueba estos estados financieros, ser\u00e1 subida a la Gaceta Oficial de la Gobernaci\u00f3n. \u201cEsa resoluci\u00f3n, junto los estados financieros y el informe del auditor, se env\u00edan a la Asamblea Legislativa Departamental (ALD) para su conocimiento, adem\u00e1s de la Contralor\u00eda General del Estado y el Ministerio de Econom\u00eda y Finanzas P\u00fablicas\u201d, dijo el asesor general.<\/p>\n<p style=\"text-align: justify;\">A partir de las observaciones y recomendaciones que arroje el informe se determinar\u00e1 la necesidad de realizar auditor\u00edas especiales o de cumplimiento sobre aspectos espec\u00edficos. \u201cSeguramente ah\u00ed se arrojar\u00e1n algunos elementos, algunas observaciones que puedan servir para realizar auditor\u00edas especiales o de cumplimiento sobre determinados aspectos puntuales que vayan a saltar dentro de esta auditor\u00eda\u201d, recalc\u00f3 Roca.<\/p>\n<p style=\"text-align: justify;\">Tambi\u00e9n indic\u00f3 que otra informaci\u00f3n que arrojar\u00e1 la auditor\u00eda ser\u00e1 la de verificaci\u00f3n de documentaci\u00f3n del personal que trabaja actualmente en la instituci\u00f3n; es decir, si cumplen con el perfil para el cargo que est\u00e1n ejerciendo, si cumplen con la documentaci\u00f3n necesaria o si han sido contratados de manera irregular.<\/p>\n<p style=\"text-align: justify;\">Este mismo informe de confiabilidad de los estados financieros y las deficiencias de control emergente del a\u00f1o 2023 fue presentado el pasado viernes a la parte operativa del Ejecutivo departamental: secretarios y directores, para que los mismos puedan escucharlo y conocer cu\u00e1les han sido las observaciones detectadas.<\/p>\n<p style=\"text-align: justify;\">Antes del feriado de Carnaval, Aguilera manifest\u00f3 que esta auditor\u00eda de confiabilidad no iba a ser profunda, pero iba a remarcar situaciones que obligar\u00e1n a profundizar algunos hechos.<\/p>\n<p style=\"text-align: justify;\">Informe<\/p>\n<p style=\"text-align: justify;\">El presidente de la Asamblea Legislativa Departamental de Santa Cruz, Zvonko Matkovic, se\u00f1al\u00f3 ayer que en el informe del viernes hubo dos observaciones al Legislativo, y estas pasaron a un proceso de correcci\u00f3n. Tambi\u00e9n expres\u00f3 su satisfacci\u00f3n por la rapidez y confiabilidad del informe, lo que demuestra el buen desempe\u00f1o del personal legislativo.<\/p>\n<p style=\"text-align: justify;\">\u201cPara m\u00ed una satisfacci\u00f3n que un informe de confiabilidad haya durado 15 minutos, en donde se haga las observaciones pertinentes. Esta Asamblea viene haciendo un trabajo enmarcado a la norma y nos da la seguridad que el personal que nos acompa\u00f1a ha hecho bien sus funciones\u201d, expres\u00f3.<\/p>\n<p style=\"text-align: justify;\">Hace unas semanas, el exasesor de gesti\u00f3n de la Gobernaci\u00f3n, Efra\u00edn Su\u00e1rez, dijo al EL DEBER Radio que esta auditor\u00eda t\u00e9cnica en la entidad departamental se ejecute a la brevedad porque as\u00ed se har\u00e1 \u201cun corte\u201d entre la administraci\u00f3n de Camacho y Aguilera.<\/p>\n","protected":false},"excerpt":{"rendered":"<p>El informe de confiabilidad de los estados financieros y las deficiencias de control emergente del a\u00f1o 2023, durante la gesti\u00f3n de Luis Fernando Camacho en la Gobernaci\u00f3n cruce\u00f1a, fue entregado al gobernador en suplencia, Mario Aguilera. El asesor general de la Gobernaci\u00f3n cruce\u00f1a, Luis Fernando Roca, indic\u00f3 que el despacho de Mario Aguilera recibi\u00f3 el [&hellip;]<\/p>\n","protected":false},"author":4,"featured_media":63586,"comment_status":"open","ping_status":"closed","sticky":false,"template":"","format":"standard","meta":{"footnotes":""},"categories":[18],"tags":[],"class_list":{"0":"post-63585","1":"post","2":"type-post","3":"status-publish","4":"format-standard","5":"has-post-thumbnail","7":"category-politica"},"_links":{"self":[{"href":"https:\/\/jms.com.bo\/mediamonitor\/wp-json\/wp\/v2\/posts\/63585","targetHints":{"allow":["GET"]}}],"collection":[{"href":"https:\/\/jms.com.bo\/mediamonitor\/wp-json\/wp\/v2\/posts"}],"about":[{"href":"https:\/\/jms.com.bo\/mediamonitor\/wp-json\/wp\/v2\/types\/post"}],"author":[{"embeddable":true,"href":"https:\/\/jms.com.bo\/mediamonitor\/wp-json\/wp\/v2\/users\/4"}],"replies":[{"embeddable":true,"href":"https:\/\/jms.com.bo\/mediamonitor\/wp-json\/wp\/v2\/comments?post=63585"}],"version-history":[{"count":0,"href":"https:\/\/jms.com.bo\/mediamonitor\/wp-json\/wp\/v2\/posts\/63585\/revisions"}],"wp:featuredmedia":[{"embeddable":true,"href":"https:\/\/jms.com.bo\/mediamonitor\/wp-json\/wp\/v2\/media\/63586"}],"wp:attachment":[{"href":"https:\/\/jms.com.bo\/mediamonitor\/wp-json\/wp\/v2\/media?parent=63585"}],"wp:term":[{"taxonomy":"category","embeddable":true,"href":"https:\/\/jms.com.bo\/mediamonitor\/wp-json\/wp\/v2\/categories?post=63585"},{"taxonomy":"post_tag","embeddable":true,"href":"https:\/\/jms.com.bo\/mediamonitor\/wp-json\/wp\/v2\/tags?post=63585"}],"curies":[{"name":"wp","href":"https:\/\/api.w.org\/{rel}","templated":true}]}}