{"id":63587,"date":"2024-02-20T07:25:34","date_gmt":"2024-02-20T11:25:34","guid":{"rendered":"https:\/\/jms.com.bo\/mediamonitor\/2024\/02\/20\/el-tse-plantea-comenzar-el-6-de-mayo-la-organizacion-de-las-judiciales\/"},"modified":"2024-02-20T07:27:09","modified_gmt":"2024-02-20T11:27:09","slug":"el-tse-plantea-comenzar-el-6-de-mayo-la-organizacion-de-las-judiciales","status":"publish","type":"post","link":"https:\/\/jms.com.bo\/mediamonitor\/2024\/02\/20\/el-tse-plantea-comenzar-el-6-de-mayo-la-organizacion-de-las-judiciales\/","title":{"rendered":"El TSE plantea comenzar el 6 de mayo la organizaci\u00f3n de las judiciales"},"content":{"rendered":"<p style=\"text-align: justify;\">Tahuichi Tahuichi Quispe, vocal del Tribunal Supremo Electoral (TSE), se\u00f1al\u00f3 este lunes que a partir del lunes 6 de mayo su entidad empezar\u00e1 a organizar las elecciones judiciales.<\/p>\n<p style=\"text-align: justify;\">\u201cA partir del lunes 6 de mayo, el \u00d3rgano Electoral va a emprender las elecciones judiciales. (Es) una cosa muy t\u00e9cnica y esta elecci\u00f3n se producir\u00e1 hasta m\u00e1s tardar en septiembre, incluso hay la posibilidad de que la hagamos en agosto, pero esa definici\u00f3n se la va a conocer en pocos d\u00edas, pero no va a pasar de septiembre\u201d, indic\u00f3.<\/p>\n<p style=\"text-align: justify;\">Seg\u00fan la Ley 1549, \u201cTransitoria para las elecciones judiciales 2024\u201d, una vez remitidas las listas de candidatos al TSE, \u00e9ste llevar\u00e1 a cabo la organizaci\u00f3n y realizaci\u00f3n de la votaci\u00f3n con una duraci\u00f3n de hasta 150 d\u00edas calendario.<\/p>\n<p style=\"text-align: justify;\">En los comicios se elegir\u00e1 a 23 magistrados titulares y suplentes del Tribunal Supremo de Justicia (TSJ), el Tribunal Agroambiental (TA) y el Tribunal Constitucional Plurinacional (TCP), y tres miembros del Consejo de la Magistratura (CM).<\/p>\n<p style=\"text-align: justify;\">Tahuichi subray\u00f3 que esta elecci\u00f3n tendr\u00e1 un presupuesto de Bs 183 millones, de los cuales Bs 25 millones estar\u00e1n destinados a la publicidad.<\/p>\n<p style=\"text-align: justify;\">\u201cDe esos 25 millones, est\u00e1 pensado alrededor de Bs 19 millones en la difusi\u00f3n de m\u00e9ritos de los candidatos, que consiste en mostrar su curr\u00edculum, sus m\u00e9ritos, adem\u00e1s de ense\u00f1ar sus propuestas\u201d.<\/p>\n<p style=\"text-align: justify;\">La Asamblea Legislativa debe cumplir con la fase de preselecci\u00f3n de postulantes para el proceso judicial. Eso, previo al trabajo del TSE.<\/p>\n<p style=\"text-align: justify;\">Para esa tarea, la Ley 1549 le otorga un plazo de 80 d\u00edas; en ese tiempo, los legisladores deben elaborar una lista de personas habilitadas para someterse a la votaci\u00f3n popular.<\/p>\n<p style=\"text-align: justify;\">Es la tercera vez que los bolivianos elegir\u00e1n en urnas a los magistrados y los consejeros. El primer proceso fue el 16 de octubre de 2011 y el segundo, el 3 de diciembre de 2017. Las autoridades electas tendr\u00e1n un mandato constitucional de seis a\u00f1os.<\/p>\n","protected":false},"excerpt":{"rendered":"<p>Tahuichi Tahuichi Quispe, vocal del Tribunal Supremo Electoral (TSE), se\u00f1al\u00f3 este lunes que a partir del lunes 6 de mayo su entidad empezar\u00e1 a organizar las elecciones judiciales. \u201cA partir del lunes 6 de mayo, el \u00d3rgano Electoral va a emprender las elecciones judiciales. (Es) una cosa muy t\u00e9cnica y esta elecci\u00f3n se producir\u00e1 hasta [&hellip;]<\/p>\n","protected":false},"author":4,"featured_media":63588,"comment_status":"open","ping_status":"closed","sticky":false,"template":"","format":"standard","meta":{"footnotes":""},"categories":[18,48,46],"tags":[],"class_list":{"0":"post-63587","1":"post","2":"type-post","3":"status-publish","4":"format-standard","5":"has-post-thumbnail","7":"category-politica","8":"category-portada-general-sitio","9":"category-portada-politica"},"_links":{"self":[{"href":"https:\/\/jms.com.bo\/mediamonitor\/wp-json\/wp\/v2\/posts\/63587","targetHints":{"allow":["GET"]}}],"collection":[{"href":"https:\/\/jms.com.bo\/mediamonitor\/wp-json\/wp\/v2\/posts"}],"about":[{"href":"https:\/\/jms.com.bo\/mediamonitor\/wp-json\/wp\/v2\/types\/post"}],"author":[{"embeddable":true,"href":"https:\/\/jms.com.bo\/mediamonitor\/wp-json\/wp\/v2\/users\/4"}],"replies":[{"embeddable":true,"href":"https:\/\/jms.com.bo\/mediamonitor\/wp-json\/wp\/v2\/comments?post=63587"}],"version-history":[{"count":1,"href":"https:\/\/jms.com.bo\/mediamonitor\/wp-json\/wp\/v2\/posts\/63587\/revisions"}],"predecessor-version":[{"id":63589,"href":"https:\/\/jms.com.bo\/mediamonitor\/wp-json\/wp\/v2\/posts\/63587\/revisions\/63589"}],"wp:featuredmedia":[{"embeddable":true,"href":"https:\/\/jms.com.bo\/mediamonitor\/wp-json\/wp\/v2\/media\/63588"}],"wp:attachment":[{"href":"https:\/\/jms.com.bo\/mediamonitor\/wp-json\/wp\/v2\/media?parent=63587"}],"wp:term":[{"taxonomy":"category","embeddable":true,"href":"https:\/\/jms.com.bo\/mediamonitor\/wp-json\/wp\/v2\/categories?post=63587"},{"taxonomy":"post_tag","embeddable":true,"href":"https:\/\/jms.com.bo\/mediamonitor\/wp-json\/wp\/v2\/tags?post=63587"}],"curies":[{"name":"wp","href":"https:\/\/api.w.org\/{rel}","templated":true}]}}