{"id":63592,"date":"2024-02-20T07:29:48","date_gmt":"2024-02-20T11:29:48","guid":{"rendered":"https:\/\/jms.com.bo\/mediamonitor\/2024\/02\/20\/los-productores-lamentan-que-el-uso-de-la-biotecnologia-no-se-haya-considerado-en-acuerdo-con-el-gobierno\/"},"modified":"2024-02-20T07:29:48","modified_gmt":"2024-02-20T11:29:48","slug":"los-productores-lamentan-que-el-uso-de-la-biotecnologia-no-se-haya-considerado-en-acuerdo-con-el-gobierno","status":"publish","type":"post","link":"https:\/\/jms.com.bo\/mediamonitor\/2024\/02\/20\/los-productores-lamentan-que-el-uso-de-la-biotecnologia-no-se-haya-considerado-en-acuerdo-con-el-gobierno\/","title":{"rendered":"Los productores lamentan que el uso de la biotecnolog\u00eda no se haya considerado en acuerdo con el Gobierno"},"content":{"rendered":"<p style=\"text-align: justify;\">La C\u00e1mara Agropecuaria del Oriente (CAO) lament\u00f3 este lunes que en la reuni\u00f3n entre el Gobierno y los empresarios privados de Bolivia no se haya incluido al sector productivo y que tampoco se considerar\u00e1 la necesidad de aprobar el uso de la biotecnolog\u00eda.<\/p>\n<p style=\"text-align: justify;\">Jos\u00e9 Luis Farah, presidente de la CAO, record\u00f3 que la solicitud de uso de la biotecnolog\u00eda para mejorar la producci\u00f3n es un pedido del sector desde hace mucho. Asimismo, considera que liberar las exportaciones; ser\u00eda m\u00e1s beneficioso con mayor producci\u00f3n de alimentos.<\/p>\n<p style=\"text-align: justify;\">\u201cNosotros siempre hemos dicho que queremos producir m\u00e1s incluso para la liberaci\u00f3n de exportaciones; a mayor producci\u00f3n con biotecnolog\u00eda vamos a poder cumplir las necesidades del pa\u00eds. Deber\u00eda haber sido tocado (biotecnolog\u00eda); es un tema que venimos discuti\u00e9ndolo; siempre lo hemos planteado al Gobierno, eso nos va a abrir las puertas para producir m\u00e1s y mejor a precio accesible\u201d, dijo Farah en Unitel.<\/p>\n<p style=\"text-align: justify;\">El presidente de la CAO lament\u00f3 que el sector \u201cb\u00e1sico productivo de Bolivia\u201d no haya sido convocado a las reuniones en La Paz; y espera que en los siguientes d\u00edas puedan sentarse a dialogar con el Gobierno.<\/p>\n<p style=\"text-align: justify;\">Asimismo, asegur\u00f3 que espera que la liberaci\u00f3n de exportaciones con un peque\u00f1o tr\u00e1mite reduzca la burocracia.<\/p>\n<p style=\"text-align: justify;\">\u201cLa liberaci\u00f3n de las exportaciones con un peque\u00f1o tr\u00e1mite, quiere decir que igual tenemos que ir a hacer un tr\u00e1mite, sea de 10, 15, 20 d\u00edas para obtener la autorizaci\u00f3n\u201d.<\/p>\n<p style=\"text-align: justify;\">Anapo tambi\u00e9n pide biotecnolog\u00eda<\/p>\n<p style=\"text-align: justify;\">Al respecto, el gerente general de la Asociaci\u00f3n de Productores de Oleaginosas y Trigo (Anapo), Jaime Hern\u00e1ndez, tambi\u00e9n lament\u00f3 que no hayan sido convocados al encuentro de este lunes. Coincidi\u00f3 con la CAO en que urge aumentar la productividad del campo en la misma superficie de tierra y eso se lograr\u00e1 con biotecnolog\u00eda.<\/p>\n<p style=\"text-align: justify;\">\u201cEs fundamental producir mayor cantidad de alimentos porque permitir\u00e1 mayores excedentes; y la biotecnolog\u00eda es una herramienta que necesitan los productores para tener m\u00e1s producci\u00f3n que en las exportaciones se traducen en divisas\u201d, indic\u00f3.<\/p>\n<p style=\"text-align: justify;\">Explic\u00f3 que solo en soya se podr\u00eda incrementar hasta en 30% la producci\u00f3n si se autoriza el uso de la biotecnolog\u00eda.<\/p>\n<p style=\"text-align: justify;\">Este lunes, el Gobierno y los representantes del empresariado privado del pa\u00eds acordaron 10 puntos para generar mayores d\u00f3lares en la econom\u00eda ante la escasez que se presenta desde 2023.<\/p>\n","protected":false},"excerpt":{"rendered":"<p>La C\u00e1mara Agropecuaria del Oriente (CAO) lament\u00f3 este lunes que en la reuni\u00f3n entre el Gobierno y los empresarios privados de Bolivia no se haya incluido al sector productivo y que tampoco se considerar\u00e1 la necesidad de aprobar el uso de la biotecnolog\u00eda. Jos\u00e9 Luis Farah, presidente de la CAO, record\u00f3 que la solicitud de [&hellip;]<\/p>\n","protected":false},"author":4,"featured_media":63593,"comment_status":"open","ping_status":"closed","sticky":false,"template":"","format":"standard","meta":{"footnotes":""},"categories":[25],"tags":[],"class_list":{"0":"post-63592","1":"post","2":"type-post","3":"status-publish","4":"format-standard","5":"has-post-thumbnail","7":"category-economia"},"_links":{"self":[{"href":"https:\/\/jms.com.bo\/mediamonitor\/wp-json\/wp\/v2\/posts\/63592","targetHints":{"allow":["GET"]}}],"collection":[{"href":"https:\/\/jms.com.bo\/mediamonitor\/wp-json\/wp\/v2\/posts"}],"about":[{"href":"https:\/\/jms.com.bo\/mediamonitor\/wp-json\/wp\/v2\/types\/post"}],"author":[{"embeddable":true,"href":"https:\/\/jms.com.bo\/mediamonitor\/wp-json\/wp\/v2\/users\/4"}],"replies":[{"embeddable":true,"href":"https:\/\/jms.com.bo\/mediamonitor\/wp-json\/wp\/v2\/comments?post=63592"}],"version-history":[{"count":0,"href":"https:\/\/jms.com.bo\/mediamonitor\/wp-json\/wp\/v2\/posts\/63592\/revisions"}],"wp:featuredmedia":[{"embeddable":true,"href":"https:\/\/jms.com.bo\/mediamonitor\/wp-json\/wp\/v2\/media\/63593"}],"wp:attachment":[{"href":"https:\/\/jms.com.bo\/mediamonitor\/wp-json\/wp\/v2\/media?parent=63592"}],"wp:term":[{"taxonomy":"category","embeddable":true,"href":"https:\/\/jms.com.bo\/mediamonitor\/wp-json\/wp\/v2\/categories?post=63592"},{"taxonomy":"post_tag","embeddable":true,"href":"https:\/\/jms.com.bo\/mediamonitor\/wp-json\/wp\/v2\/tags?post=63592"}],"curies":[{"name":"wp","href":"https:\/\/api.w.org\/{rel}","templated":true}]}}