{"id":63594,"date":"2024-02-20T07:31:06","date_gmt":"2024-02-20T11:31:06","guid":{"rendered":"https:\/\/jms.com.bo\/mediamonitor\/2024\/02\/20\/devolveran-el-13-de-cada-dolar-que-los-exportadores-ingresen-al-sistema-financiero-aseguran-desde-el-gobierno\/"},"modified":"2024-02-20T07:31:06","modified_gmt":"2024-02-20T11:31:06","slug":"devolveran-el-13-de-cada-dolar-que-los-exportadores-ingresen-al-sistema-financiero-aseguran-desde-el-gobierno","status":"publish","type":"post","link":"https:\/\/jms.com.bo\/mediamonitor\/2024\/02\/20\/devolveran-el-13-de-cada-dolar-que-los-exportadores-ingresen-al-sistema-financiero-aseguran-desde-el-gobierno\/","title":{"rendered":"Devolver\u00e1n el 13% de cada d\u00f3lar que los exportadores ingresen al sistema financiero, aseguran desde el Gobierno"},"content":{"rendered":"<p style=\"text-align: justify;\">\u00abEl Gobierno nacional devolver\u00e1 el 13% de cada d\u00f3lar que los exportadores acrediten haber ingresado al sistema financiero\u00bb, asegur\u00f3 el ministro de Econom\u00eda, Marcelo Montenegro.<\/p>\n<p style=\"text-align: justify;\">Seg\u00fan el reporte de la Agencia Boliviana de Informaci\u00f3n, se trata de la devoluci\u00f3n inmediata de CEDEIMs (Certificados de Devoluci\u00f3n Impositiva), uno de los 10 puntos del Acuerdo Econ\u00f3mico, Productivo y Empresarial firmado este lunes entre el Gobierno Nacional y el empresariado privado boliviano.<\/p>\n<p style=\"text-align: justify;\">\u201cEsto es una medida de incentivo; exportador que traiga sus d\u00f3lares y que demuestre que ha introducido al sistema financiero nacional una cantidad de divisas, va a poder en su momento requerir la devoluci\u00f3n de CEDEIMs (\u2026) en 15 d\u00edas va a poder tener la devoluci\u00f3n de estos certificados de devoluci\u00f3n impositiva, consideramos que es un incentivo muy importante, es el 13%. De un mill\u00f3n de d\u00f3lares son 130 mil d\u00f3lares que en moneda nacional (devolveremos) es algo muy importante que pueden obtener o recuperar\u201d, explic\u00f3 Montenegro.<\/p>\n<p style=\"text-align: justify;\">En declaraciones a otro medio de comunicaci\u00f3n local, coment\u00f3 que quiz\u00e1s a exportadores \u201cno le interese\u201d este incentivo\u00bb y quieran hacer su tr\u00e1mite regular de CEDEIMs, pues lo podr\u00e1n realizar, pero \u201ceso tiene tambi\u00e9n su propio camino, sus propios plazos y tiempo\u201d.<\/p>\n<p style=\"text-align: justify;\">De acuerdo con el proceso, los CEDEIMs son entregados por el Servicio de Impuestos Nacionales (SIN) a los exportadores; un exportador, luego de compensar sus compras y ventas locales tiene la opci\u00f3n de que el saldo de cr\u00e9dito fiscal lo solicite al SIN para que lo devuelvan en CEDEIMs.<\/p>\n<p style=\"text-align: justify;\">Los certificados de devoluci\u00f3n de impuestos son t\u00edtulos valores transferibles por simple endoso, con vigencia indefinida y pueden ser utilizados por el tenedor final para el pago de cualquier tributo, cuya recaudaci\u00f3n est\u00e9 a cargo de la Aduana o del Servicio Nacional de Impuestos.<\/p>\n<p style=\"text-align: justify;\">Montenegro explic\u00f3 que \u00abpara concretar la devoluci\u00f3n en efectivo de los CEDEIMs se requiere la aprobaci\u00f3n de un decreto, que se lo har\u00e1 en el Gabinete de ministros\u00bb.<\/p>\n<p style=\"text-align: justify;\">El ministro sostuvo que el procedimiento ser\u00e1 \u201c\u00e1gil y r\u00e1pido\u201d, en la medida que los exportadores puedan traer\u00e1 las divisas al pa\u00eds y certificar que lo ingresaron al sistema financiero.<\/p>\n<p style=\"text-align: justify;\">Con esta medida, junto a las otras nueve, el ministro afirm\u00f3 que se podr\u00e1 salir de \u201ceste problema\u201d de la carencia transitoria de d\u00f3lares.<\/p>\n<p style=\"text-align: justify;\">\u201cNosotros vamos a cumplir lo que nos hemos comprometido, desde el lado del sector empresarial deben cumplir con traer las divisas y comprometerse al abastecimiento del mercado interno y converger todos en esta gesti\u00f3n a mejorar en la carencia transitoria de d\u00f3lares\u201d, expres\u00f3.<\/p>\n<p style=\"text-align: justify;\">\n","protected":false},"excerpt":{"rendered":"<p>\u00abEl Gobierno nacional devolver\u00e1 el 13% de cada d\u00f3lar que los exportadores acrediten haber ingresado al sistema financiero\u00bb, asegur\u00f3 el ministro de Econom\u00eda, Marcelo Montenegro. Seg\u00fan el reporte de la Agencia Boliviana de Informaci\u00f3n, se trata de la devoluci\u00f3n inmediata de CEDEIMs (Certificados de Devoluci\u00f3n Impositiva), uno de los 10 puntos del Acuerdo Econ\u00f3mico, Productivo [&hellip;]<\/p>\n","protected":false},"author":4,"featured_media":63595,"comment_status":"open","ping_status":"closed","sticky":false,"template":"","format":"standard","meta":{"footnotes":""},"categories":[25],"tags":[],"class_list":{"0":"post-63594","1":"post","2":"type-post","3":"status-publish","4":"format-standard","5":"has-post-thumbnail","7":"category-economia"},"_links":{"self":[{"href":"https:\/\/jms.com.bo\/mediamonitor\/wp-json\/wp\/v2\/posts\/63594","targetHints":{"allow":["GET"]}}],"collection":[{"href":"https:\/\/jms.com.bo\/mediamonitor\/wp-json\/wp\/v2\/posts"}],"about":[{"href":"https:\/\/jms.com.bo\/mediamonitor\/wp-json\/wp\/v2\/types\/post"}],"author":[{"embeddable":true,"href":"https:\/\/jms.com.bo\/mediamonitor\/wp-json\/wp\/v2\/users\/4"}],"replies":[{"embeddable":true,"href":"https:\/\/jms.com.bo\/mediamonitor\/wp-json\/wp\/v2\/comments?post=63594"}],"version-history":[{"count":0,"href":"https:\/\/jms.com.bo\/mediamonitor\/wp-json\/wp\/v2\/posts\/63594\/revisions"}],"wp:featuredmedia":[{"embeddable":true,"href":"https:\/\/jms.com.bo\/mediamonitor\/wp-json\/wp\/v2\/media\/63595"}],"wp:attachment":[{"href":"https:\/\/jms.com.bo\/mediamonitor\/wp-json\/wp\/v2\/media?parent=63594"}],"wp:term":[{"taxonomy":"category","embeddable":true,"href":"https:\/\/jms.com.bo\/mediamonitor\/wp-json\/wp\/v2\/categories?post=63594"},{"taxonomy":"post_tag","embeddable":true,"href":"https:\/\/jms.com.bo\/mediamonitor\/wp-json\/wp\/v2\/tags?post=63594"}],"curies":[{"name":"wp","href":"https:\/\/api.w.org\/{rel}","templated":true}]}}