{"id":63596,"date":"2024-02-20T07:32:27","date_gmt":"2024-02-20T11:32:27","guid":{"rendered":"https:\/\/jms.com.bo\/mediamonitor\/2024\/02\/20\/empresarios-saludan-nueva-etapa-de-la-relacion-publica-privada-y-anuncian-seguimiento-a-compromisos\/"},"modified":"2024-02-20T07:32:27","modified_gmt":"2024-02-20T11:32:27","slug":"empresarios-saludan-nueva-etapa-de-la-relacion-publica-privada-y-anuncian-seguimiento-a-compromisos","status":"publish","type":"post","link":"https:\/\/jms.com.bo\/mediamonitor\/2024\/02\/20\/empresarios-saludan-nueva-etapa-de-la-relacion-publica-privada-y-anuncian-seguimiento-a-compromisos\/","title":{"rendered":"Empresarios saludan \u2018nueva etapa\u2019 de la relaci\u00f3n p\u00fablica-privada y anuncian seguimiento a compromisos"},"content":{"rendered":"<p style=\"text-align: justify;\">La Confederaci\u00f3n de Empresarios Privados de Bolivia (CEPB), expres\u00f3 este lunes su satisfacci\u00f3n por el acuerdo alcanzado con el Gobierno para enfrentar la escasez de d\u00f3lares y salud\u00f3 una \u201cnueva etapa\u201d en la relaci\u00f3n p\u00fablico-privada en la que se prioriza el di\u00e1logo directo para encontrar soluciones conjuntas.<\/p>\n<p style=\"text-align: justify;\">Mediante un comunicado, la CEPB asegur\u00f3 que realizar\u00e1 un seguimiento y coordinaci\u00f3n para asegurar el cumplimiento de los compromisos asumidos este lunes. Adem\u00e1s, continuar\u00e1 con la gesti\u00f3n sobre otros temas necesarios para asegurar el desarrollo del sector empresarial.<\/p>\n<p style=\"text-align: justify;\">Este lunes, el Gobierno y los representantes del empresariado privado del pa\u00eds acordaron 10 puntos para generar mayores d\u00f3lares en la econom\u00eda ante la escasez que se present\u00f3 desde 2023.<\/p>\n<p style=\"text-align: justify;\">\u201cTemas como la liberaci\u00f3n de las exportaciones, el apoyo y la mayor apertura a la inversi\u00f3n privada, el pago de los Certificados de Devoluci\u00f3n Impositiva; la agilizaci\u00f3n en la importaci\u00f3n de di\u00e9sel para empresas privadas, el fomento a la inversi\u00f3n agr\u00edcola; y otros, fueron por varios a\u00f1os, demandas de los diversos sectores que precisaban de estas acciones para dinamizar sus actividades; y eliminar las barreras que disminu\u00edan sus capacidades productivas\u201d, dice parte del comunicado.<\/p>\n<p style=\"text-align: justify;\">Empresarios<\/p>\n<p style=\"text-align: justify;\">Los empresarios reconocen la voluntad pol\u00edtica y la apertura de los ministros de Econom\u00eda, Planificaci\u00f3n y Desarrollo Productivo, con los que est\u00e1n conversando hace varias semanas.<\/p>\n<p style=\"text-align: justify;\">Asimismo, resaltan la participaci\u00f3n de los presidentes de los sectores empresariales, las federaciones departamentales, que contribuyeron con ideas; y alternativas para disminuir el impacto generado por la escasez de d\u00f3lares.<\/p>\n<p style=\"text-align: justify;\">\u201cSomos conscientes de las dificultades econ\u00f3micas que atraviesa nuestro pa\u00eds y entendemos que es necesario encarar temas estructurales para solucionarlos; sin embargo, estamos seguros que el mejor camino para solucionar los problemas es el di\u00e1logo y el consenso; en un marco de respeto a las leyes y a las reglas de la democracia\u201d.<\/p>\n<p style=\"text-align: justify;\">El documento remarca el compromiso del sector empresarial privado con estabilidad, crecimiento y el desarrollo del pa\u00eds. \u201cMantenemos nuestra decisi\u00f3n de seguir aportando a la recuperaci\u00f3n de la econom\u00eda, el sostenimiento de empleo y la provisi\u00f3n de bienes y servicios\u201d.<\/p>\n<p style=\"text-align: justify;\">El principal punto del acuerdo alcanzado este lunes es la liberaci\u00f3n total de las exportaciones de aquellos productos que ten\u00edan restricciones porque la norma se\u00f1ala priorizar el abastecimiento interno.<\/p>\n<p style=\"text-align: justify;\">Se espera que esas medidas generen mayor circulaci\u00f3n de d\u00f3lares en el pa\u00eds, donde desde el 2023 existen reclamos porque los bancos y las casas de cambio no entregan la moneda.<\/p>\n","protected":false},"excerpt":{"rendered":"<p>La Confederaci\u00f3n de Empresarios Privados de Bolivia (CEPB), expres\u00f3 este lunes su satisfacci\u00f3n por el acuerdo alcanzado con el Gobierno para enfrentar la escasez de d\u00f3lares y salud\u00f3 una \u201cnueva etapa\u201d en la relaci\u00f3n p\u00fablico-privada en la que se prioriza el di\u00e1logo directo para encontrar soluciones conjuntas. Mediante un comunicado, la CEPB asegur\u00f3 que realizar\u00e1 [&hellip;]<\/p>\n","protected":false},"author":4,"featured_media":63597,"comment_status":"open","ping_status":"closed","sticky":false,"template":"","format":"standard","meta":{"footnotes":""},"categories":[25,45,48],"tags":[],"class_list":{"0":"post-63596","1":"post","2":"type-post","3":"status-publish","4":"format-standard","5":"has-post-thumbnail","7":"category-economia","8":"category-portada-economia","9":"category-portada-general-sitio"},"_links":{"self":[{"href":"https:\/\/jms.com.bo\/mediamonitor\/wp-json\/wp\/v2\/posts\/63596","targetHints":{"allow":["GET"]}}],"collection":[{"href":"https:\/\/jms.com.bo\/mediamonitor\/wp-json\/wp\/v2\/posts"}],"about":[{"href":"https:\/\/jms.com.bo\/mediamonitor\/wp-json\/wp\/v2\/types\/post"}],"author":[{"embeddable":true,"href":"https:\/\/jms.com.bo\/mediamonitor\/wp-json\/wp\/v2\/users\/4"}],"replies":[{"embeddable":true,"href":"https:\/\/jms.com.bo\/mediamonitor\/wp-json\/wp\/v2\/comments?post=63596"}],"version-history":[{"count":0,"href":"https:\/\/jms.com.bo\/mediamonitor\/wp-json\/wp\/v2\/posts\/63596\/revisions"}],"wp:featuredmedia":[{"embeddable":true,"href":"https:\/\/jms.com.bo\/mediamonitor\/wp-json\/wp\/v2\/media\/63597"}],"wp:attachment":[{"href":"https:\/\/jms.com.bo\/mediamonitor\/wp-json\/wp\/v2\/media?parent=63596"}],"wp:term":[{"taxonomy":"category","embeddable":true,"href":"https:\/\/jms.com.bo\/mediamonitor\/wp-json\/wp\/v2\/categories?post=63596"},{"taxonomy":"post_tag","embeddable":true,"href":"https:\/\/jms.com.bo\/mediamonitor\/wp-json\/wp\/v2\/tags?post=63596"}],"curies":[{"name":"wp","href":"https:\/\/api.w.org\/{rel}","templated":true}]}}