{"id":63653,"date":"2024-02-22T06:55:55","date_gmt":"2024-02-22T10:55:55","guid":{"rendered":"https:\/\/jms.com.bo\/mediamonitor\/2024\/02\/22\/bermejo-en-la-mira-por-los-casos-de-dengue\/"},"modified":"2024-02-22T06:55:55","modified_gmt":"2024-02-22T10:55:55","slug":"bermejo-en-la-mira-por-los-casos-de-dengue","status":"publish","type":"post","link":"https:\/\/jms.com.bo\/mediamonitor\/2024\/02\/22\/bermejo-en-la-mira-por-los-casos-de-dengue\/","title":{"rendered":"Bermejo \u201cen la mira\u201d por los casos de dengue"},"content":{"rendered":"<p style=\"text-align: justify;\">El departamento de Tarija registra 26 casos confirmados por dengue, ninguno de los pacientes registra un cuadro grave. Sin embargo, el Servicio Departamental de Salud (Sedes) ha puesto la mirada en el municipio de Bermejo, regi\u00f3n que concentra a 11 personas con esta enfermedad.<\/p>\n<p style=\"text-align: justify;\">El responsable de la Unidad de Vectores del Sedes, Walter Santa Cruz, detall\u00f3 que en la capital chapaca se han registrado ocho casos, siete de estos son importados y uno es aut\u00f3ctono; Yacuiba tiene cuatro casos; Entre R\u00edos tiene dos; y uno en el municipio de Padcaya.<\/p>\n<p style=\"text-align: justify;\">Respecto a la situaci\u00f3n de Bermejo, Santa Cruz detall\u00f3 que se ha realizado el trabajo de tipificaci\u00f3n, y se ha identificado m\u00e1s de un serotipo de dengue, el 1 y 2, por lo que la susceptibilidad de la poblaci\u00f3n ser\u00e1 mayor.<\/p>\n<p style=\"text-align: justify;\">Santa Cruz record\u00f3 que desde el mes de septiembre de 2023, el Sedes viene trabajando para prevenir los casos de dengue. Sin embargo, reconoci\u00f3 que se requiere de la participaci\u00f3n de los gobiernos municipales para poder difundir las medidas y mensajes a trav\u00e9s de los medios de comunicaci\u00f3n.<\/p>\n<p style=\"text-align: justify;\">\u201cHasta este momento no se ha podido materializar esto, esperamos que con los equipos de comunicaci\u00f3n del Sedes, alcald\u00edas, y otras entidades m\u00e1s que quieran sumarse, se vayan a difundir, ya que la segunda quincena del mes de febrero y marzo va a ser cuando m\u00e1s va a atacar el dengue\u201d, expuso.<\/p>\n<p style=\"text-align: justify;\">La autoridad puntualiz\u00f3 que en este tiempo es oportuno que se puedan adoptar las medidas preventivas necesarias y sostenerlas hasta el mes de marzo, ya que a partir del mes de abril el clima empieza a cambiar y con ello disminuye la posibilidad de que incremente el n\u00famero de casos.<\/p>\n","protected":false},"excerpt":{"rendered":"<p>El departamento de Tarija registra 26 casos confirmados por dengue, ninguno de los pacientes registra un cuadro grave. Sin embargo, el Servicio Departamental de Salud (Sedes) ha puesto la mirada en el municipio de Bermejo, regi\u00f3n que concentra a 11 personas con esta enfermedad. El responsable de la Unidad de Vectores del Sedes, Walter Santa [&hellip;]<\/p>\n","protected":false},"author":4,"featured_media":63654,"comment_status":"open","ping_status":"closed","sticky":false,"template":"","format":"standard","meta":{"footnotes":""},"categories":[53],"tags":[],"class_list":{"0":"post-63653","1":"post","2":"type-post","3":"status-publish","4":"format-standard","5":"has-post-thumbnail","7":"category-salud"},"_links":{"self":[{"href":"https:\/\/jms.com.bo\/mediamonitor\/wp-json\/wp\/v2\/posts\/63653","targetHints":{"allow":["GET"]}}],"collection":[{"href":"https:\/\/jms.com.bo\/mediamonitor\/wp-json\/wp\/v2\/posts"}],"about":[{"href":"https:\/\/jms.com.bo\/mediamonitor\/wp-json\/wp\/v2\/types\/post"}],"author":[{"embeddable":true,"href":"https:\/\/jms.com.bo\/mediamonitor\/wp-json\/wp\/v2\/users\/4"}],"replies":[{"embeddable":true,"href":"https:\/\/jms.com.bo\/mediamonitor\/wp-json\/wp\/v2\/comments?post=63653"}],"version-history":[{"count":0,"href":"https:\/\/jms.com.bo\/mediamonitor\/wp-json\/wp\/v2\/posts\/63653\/revisions"}],"wp:featuredmedia":[{"embeddable":true,"href":"https:\/\/jms.com.bo\/mediamonitor\/wp-json\/wp\/v2\/media\/63654"}],"wp:attachment":[{"href":"https:\/\/jms.com.bo\/mediamonitor\/wp-json\/wp\/v2\/media?parent=63653"}],"wp:term":[{"taxonomy":"category","embeddable":true,"href":"https:\/\/jms.com.bo\/mediamonitor\/wp-json\/wp\/v2\/categories?post=63653"},{"taxonomy":"post_tag","embeddable":true,"href":"https:\/\/jms.com.bo\/mediamonitor\/wp-json\/wp\/v2\/tags?post=63653"}],"curies":[{"name":"wp","href":"https:\/\/api.w.org\/{rel}","templated":true}]}}