{"id":63657,"date":"2024-02-22T06:58:53","date_gmt":"2024-02-22T10:58:53","guid":{"rendered":"https:\/\/jms.com.bo\/mediamonitor\/2024\/02\/22\/reportan-enfrentamientos-entre-csutcb-y-arcistas\/"},"modified":"2024-02-22T06:58:53","modified_gmt":"2024-02-22T10:58:53","slug":"reportan-enfrentamientos-entre-csutcb-y-arcistas","status":"publish","type":"post","link":"https:\/\/jms.com.bo\/mediamonitor\/2024\/02\/22\/reportan-enfrentamientos-entre-csutcb-y-arcistas\/","title":{"rendered":"Reportan enfrentamientos entre Csutcb y \u201carcistas\u201d"},"content":{"rendered":"<p style=\"text-align: justify;\">Se registraron enfrentamientos entre las bases de la Confederaci\u00f3n Sindical \u00danica de Trabajadores Campesinos de Bolivia (Csutcb) y un grupo de personas presuntamente afines al presidente del Estado, Luis Arce Catacora, durante una reuni\u00f3n efectuada previa al ampliado de la organizaci\u00f3n social.<\/p>\n<p style=\"text-align: justify;\">El ejecutivo de la Csutcb, Humberto Claros, denunci\u00f3 que un grupo de 400 simpatizantes del dirigente del Movimiento al Socialismo, Evo Morales (MAS), fue agredido por un grupo \u201carcista\u201d durante la reuni\u00f3n preparatoria al ampliado del sector, que se llevar\u00e1 a cabo ma\u00f1ana viernes en Cochabamba.<\/p>\n<p style=\"text-align: justify;\">Inform\u00f3 que sus bases fueron agredidas en la sede del MAS de la regional urbana de la ciudad de Santa Cruz, con petardos, perdigones, piedras y sillas. Diez personas resultaron heridas producto de esos hechos, incluyendo menores y adultos mayores. Dos personas fueron arrestadas, de acuerdo con un reporte de Red Uno.<\/p>\n<p style=\"text-align: justify;\">Asimismo, el dirigente urbano de MAS en Santa Cruz, Darwin Choquerive, denunci\u00f3 que \u201cgente financiada por el Gobierno nacional atacaron con petardos y piedras hiriendo a cinco compa\u00f1eros, (donde) de la nada empezaron a arrojar piedras y petardos\u201d.<\/p>\n<p style=\"text-align: justify;\">Por otra parte, Claros agreg\u00f3 que el ampliado de la Csutcb \u201cevista\u201d contar\u00e1 con la participaci\u00f3n de Morales y mostrar\u00e1 la \u201ccontundencia\u201d de su organizaci\u00f3n hacia \u201clos traidores que intentaron robarse la sigla\u201d del MAS.<\/p>\n<p style=\"text-align: justify;\">\u201cEl 23 de febrero la Csutcb marcar\u00e1 agenda de lo que piensa de cara a lo que est\u00e1 pasando en el pa\u00eds\u201d, dijo Claros a Radio Kawsachun Coca, a tiempo de anunciar que el ampliado campesino ocurrir\u00e1 en el Coliseo de la Coronilla desde las nueve de la ma\u00f1ana. (EL DIARIO y agencias)<\/p>\n","protected":false},"excerpt":{"rendered":"<p>Se registraron enfrentamientos entre las bases de la Confederaci\u00f3n Sindical \u00danica de Trabajadores Campesinos de Bolivia (Csutcb) y un grupo de personas presuntamente afines al presidente del Estado, Luis Arce Catacora, durante una reuni\u00f3n efectuada previa al ampliado de la organizaci\u00f3n social. El ejecutivo de la Csutcb, Humberto Claros, denunci\u00f3 que un grupo de 400 [&hellip;]<\/p>\n","protected":false},"author":4,"featured_media":63658,"comment_status":"open","ping_status":"closed","sticky":false,"template":"","format":"standard","meta":{"footnotes":""},"categories":[49],"tags":[],"class_list":{"0":"post-63657","1":"post","2":"type-post","3":"status-publish","4":"format-standard","5":"has-post-thumbnail","7":"category-social"},"_links":{"self":[{"href":"https:\/\/jms.com.bo\/mediamonitor\/wp-json\/wp\/v2\/posts\/63657","targetHints":{"allow":["GET"]}}],"collection":[{"href":"https:\/\/jms.com.bo\/mediamonitor\/wp-json\/wp\/v2\/posts"}],"about":[{"href":"https:\/\/jms.com.bo\/mediamonitor\/wp-json\/wp\/v2\/types\/post"}],"author":[{"embeddable":true,"href":"https:\/\/jms.com.bo\/mediamonitor\/wp-json\/wp\/v2\/users\/4"}],"replies":[{"embeddable":true,"href":"https:\/\/jms.com.bo\/mediamonitor\/wp-json\/wp\/v2\/comments?post=63657"}],"version-history":[{"count":0,"href":"https:\/\/jms.com.bo\/mediamonitor\/wp-json\/wp\/v2\/posts\/63657\/revisions"}],"wp:featuredmedia":[{"embeddable":true,"href":"https:\/\/jms.com.bo\/mediamonitor\/wp-json\/wp\/v2\/media\/63658"}],"wp:attachment":[{"href":"https:\/\/jms.com.bo\/mediamonitor\/wp-json\/wp\/v2\/media?parent=63657"}],"wp:term":[{"taxonomy":"category","embeddable":true,"href":"https:\/\/jms.com.bo\/mediamonitor\/wp-json\/wp\/v2\/categories?post=63657"},{"taxonomy":"post_tag","embeddable":true,"href":"https:\/\/jms.com.bo\/mediamonitor\/wp-json\/wp\/v2\/tags?post=63657"}],"curies":[{"name":"wp","href":"https:\/\/api.w.org\/{rel}","templated":true}]}}