{"id":63814,"date":"2024-02-29T06:42:17","date_gmt":"2024-02-29T10:42:17","guid":{"rendered":"https:\/\/jms.com.bo\/mediamonitor\/2024\/02\/29\/salud-confirma-primer-caso-de-sarampion-en-bermejo-y-activa-el-bloqueo-epidemiologico\/"},"modified":"2024-02-29T06:42:17","modified_gmt":"2024-02-29T10:42:17","slug":"salud-confirma-primer-caso-de-sarampion-en-bermejo-y-activa-el-bloqueo-epidemiologico","status":"publish","type":"post","link":"https:\/\/jms.com.bo\/mediamonitor\/2024\/02\/29\/salud-confirma-primer-caso-de-sarampion-en-bermejo-y-activa-el-bloqueo-epidemiologico\/","title":{"rendered":"Salud confirma primer caso de sarampi\u00f3n en Bermejo y activa el bloqueo epidemiol\u00f3gico"},"content":{"rendered":"<p style=\"text-align: justify;\">La ministra de Salud, Mar\u00eda Ren\u00e9e Castro, confirm\u00f3 este mi\u00e9rcoles el primer caso de sarampi\u00f3n en el municipio de Bermejo, Tarija, e inform\u00f3 que se inici\u00f3 el bloqueo vacunal en la zona de residencia, fronteriza con Argentina, donde en pasados d\u00edas se report\u00f3 la presencia de la enfermedad.<\/p>\n<p style=\"text-align: justify;\">Se trata de una ni\u00f1a de siete a\u00f1os de edad que tiene el antecedente de visita a la ciudad de El Alto, donde tambi\u00e9n podr\u00eda ser el origen del contagio.<\/p>\n<p style=\"text-align: justify;\">\u201cNosotros vamos a empezar desde ma\u00f1ana a trabajar en todo lo que es la ciudad de El Alto, \u00bfpor qu\u00e9 en la ciudad de El Alto?, porque podr\u00eda ser el origen del contagio; estamos trabajando en Bermejo para evitar mayores contagios\u201d, explic\u00f3.<\/p>\n<p style=\"text-align: justify;\">La paciente acudi\u00f3 a consulta por sospecha de dengue, ya que presentaba fiebre y erupciones en el cuerpo. Gracias a la vigilancia epidemiol\u00f3gica se logr\u00f3 confirmar que se trata de un caso de sarampi\u00f3n.<\/p>\n<p style=\"text-align: justify;\">\u201cComo Ministerio de Salud queremos comunicar a toda la ciudadan\u00eda la detecci\u00f3n y confirmaci\u00f3n de un caso de sarampi\u00f3n en el municipio de Bermejo, justamente en la localidad fronteriza con Argentina, donde en pasados d\u00edas se reportaron casos de sarampi\u00f3n\u201d, reiter\u00f3.<\/p>\n<p style=\"text-align: justify;\">Es el primer caso positivo despu\u00e9s de varios a\u00f1os de no presentarse la enfermedad en Bolivia.<\/p>\n<p style=\"text-align: justify;\">El 31 de enero se emiti\u00f3 la alerta epidemiol\u00f3gica ante sospechas de circulaci\u00f3n de la enfermedad, que establece los pasos a seguir en caso de presentarse el sarampi\u00f3n en territorio boliviano.<\/p>\n<p style=\"text-align: justify;\">Castro llam\u00f3 a los padres y madres de familia vacunar de forma oportuna a sus hijos menores de cinco contra el sarampi\u00f3n.<\/p>\n","protected":false},"excerpt":{"rendered":"<p>La ministra de Salud, Mar\u00eda Ren\u00e9e Castro, confirm\u00f3 este mi\u00e9rcoles el primer caso de sarampi\u00f3n en el municipio de Bermejo, Tarija, e inform\u00f3 que se inici\u00f3 el bloqueo vacunal en la zona de residencia, fronteriza con Argentina, donde en pasados d\u00edas se report\u00f3 la presencia de la enfermedad. Se trata de una ni\u00f1a de siete [&hellip;]<\/p>\n","protected":false},"author":4,"featured_media":63815,"comment_status":"open","ping_status":"closed","sticky":false,"template":"","format":"standard","meta":{"footnotes":""},"categories":[53],"tags":[],"class_list":{"0":"post-63814","1":"post","2":"type-post","3":"status-publish","4":"format-standard","5":"has-post-thumbnail","7":"category-salud"},"_links":{"self":[{"href":"https:\/\/jms.com.bo\/mediamonitor\/wp-json\/wp\/v2\/posts\/63814","targetHints":{"allow":["GET"]}}],"collection":[{"href":"https:\/\/jms.com.bo\/mediamonitor\/wp-json\/wp\/v2\/posts"}],"about":[{"href":"https:\/\/jms.com.bo\/mediamonitor\/wp-json\/wp\/v2\/types\/post"}],"author":[{"embeddable":true,"href":"https:\/\/jms.com.bo\/mediamonitor\/wp-json\/wp\/v2\/users\/4"}],"replies":[{"embeddable":true,"href":"https:\/\/jms.com.bo\/mediamonitor\/wp-json\/wp\/v2\/comments?post=63814"}],"version-history":[{"count":0,"href":"https:\/\/jms.com.bo\/mediamonitor\/wp-json\/wp\/v2\/posts\/63814\/revisions"}],"wp:featuredmedia":[{"embeddable":true,"href":"https:\/\/jms.com.bo\/mediamonitor\/wp-json\/wp\/v2\/media\/63815"}],"wp:attachment":[{"href":"https:\/\/jms.com.bo\/mediamonitor\/wp-json\/wp\/v2\/media?parent=63814"}],"wp:term":[{"taxonomy":"category","embeddable":true,"href":"https:\/\/jms.com.bo\/mediamonitor\/wp-json\/wp\/v2\/categories?post=63814"},{"taxonomy":"post_tag","embeddable":true,"href":"https:\/\/jms.com.bo\/mediamonitor\/wp-json\/wp\/v2\/tags?post=63814"}],"curies":[{"name":"wp","href":"https:\/\/api.w.org\/{rel}","templated":true}]}}