{"id":63820,"date":"2024-02-29T06:46:43","date_gmt":"2024-02-29T10:46:43","guid":{"rendered":"https:\/\/jms.com.bo\/mediamonitor\/2024\/02\/29\/comerciantes-del-mutualista-marchan-hoy-contra-la-alcaldia-y-el-concejo\/"},"modified":"2024-02-29T06:46:43","modified_gmt":"2024-02-29T10:46:43","slug":"comerciantes-del-mutualista-marchan-hoy-contra-la-alcaldia-y-el-concejo","status":"publish","type":"post","link":"https:\/\/jms.com.bo\/mediamonitor\/2024\/02\/29\/comerciantes-del-mutualista-marchan-hoy-contra-la-alcaldia-y-el-concejo\/","title":{"rendered":"Comerciantes del Mutualista marchan hoy contra la Alcald\u00eda y el Concejo"},"content":{"rendered":"<p style=\"text-align: justify;\">Uno de los grupos de asociaciones del Mercado Mutualista ha convocado a sus bases a una concentraci\u00f3n este mi\u00e9rcoles 29 de febrero, a las siete de la ma\u00f1ana, en defensa de sus fuentes de trabajo.<\/p>\n<p style=\"text-align: justify;\">El punto de encuentro fue fijado en la rotonda del segundo anillo, en la avenida Roca y Coronado. Desde ah\u00ed saldr\u00e1n en marcha como medida de protesta.<\/p>\n<p style=\"text-align: justify;\">\u201cLa Alcald\u00eda y el Concejo Municipal han traicionado al Mercado Mutualista, poco hacen por defender la propiedad p\u00fablica del pueblo cruce\u00f1o. Solicitamos a la Sala Tercera, del Tribunal Constitucional Departamental, que act\u00fae de forma imparcial\u201d, dejaron constancia.<\/p>\n<p style=\"text-align: justify;\">Asimismo, resaltaron que fueron trasladados a ese lugar por resoluci\u00f3n municipal en 1998, sin ejercer violencia ni tener oposici\u00f3n, y cumpliendo con la funci\u00f3n econ\u00f3mica y social, pregonada en la Constituci\u00f3n.<\/p>\n<p style=\"text-align: justify;\">Divididos<\/p>\n<p style=\"text-align: justify;\">Actualmente hay dos posturas entre los agremiados. Por un lado est\u00e1n los que desconocen derecho propietario de Nelson Miguel Crapuzzi, que son los que van a marchar este jueves.<\/p>\n<p style=\"text-align: justify;\">Por otro lado est\u00e1n los aglutinados en la Federaci\u00f3n Departamental de Trabajadores por Cuenta Propia (Fedetcup), encabezada por una directiva, en la que est\u00e1 como ejecutivo Yawar Inti Serrano L\u00f3pez, hermano del abogado de Crapuzzi. Este grupo ya ha lanzado una oferta a Crapuzzi para pagarle dos mil d\u00f3lares por metro cuadrado.<\/p>\n<p style=\"text-align: justify;\">Molestia<\/p>\n<p style=\"text-align: justify;\">La molestia no es reciente entre los gremiales, que advirtieron intensificar\u00e1n sus protestas. A fines de enero, m\u00e1s de un centenar de gremiales afectados por el incendio del mercado Mutualista, en febrero de 2023, rechazaron la presencia del concejal Juan Carlos Medrano, acus\u00e1ndolo de ser el responsable de frenar la construcci\u00f3n de las obras en el predio afectado.<\/p>\n","protected":false},"excerpt":{"rendered":"<p>Uno de los grupos de asociaciones del Mercado Mutualista ha convocado a sus bases a una concentraci\u00f3n este mi\u00e9rcoles 29 de febrero, a las siete de la ma\u00f1ana, en defensa de sus fuentes de trabajo. El punto de encuentro fue fijado en la rotonda del segundo anillo, en la avenida Roca y Coronado. Desde ah\u00ed [&hellip;]<\/p>\n","protected":false},"author":4,"featured_media":63821,"comment_status":"open","ping_status":"closed","sticky":false,"template":"","format":"standard","meta":{"footnotes":""},"categories":[49],"tags":[],"class_list":{"0":"post-63820","1":"post","2":"type-post","3":"status-publish","4":"format-standard","5":"has-post-thumbnail","7":"category-social"},"_links":{"self":[{"href":"https:\/\/jms.com.bo\/mediamonitor\/wp-json\/wp\/v2\/posts\/63820","targetHints":{"allow":["GET"]}}],"collection":[{"href":"https:\/\/jms.com.bo\/mediamonitor\/wp-json\/wp\/v2\/posts"}],"about":[{"href":"https:\/\/jms.com.bo\/mediamonitor\/wp-json\/wp\/v2\/types\/post"}],"author":[{"embeddable":true,"href":"https:\/\/jms.com.bo\/mediamonitor\/wp-json\/wp\/v2\/users\/4"}],"replies":[{"embeddable":true,"href":"https:\/\/jms.com.bo\/mediamonitor\/wp-json\/wp\/v2\/comments?post=63820"}],"version-history":[{"count":0,"href":"https:\/\/jms.com.bo\/mediamonitor\/wp-json\/wp\/v2\/posts\/63820\/revisions"}],"wp:featuredmedia":[{"embeddable":true,"href":"https:\/\/jms.com.bo\/mediamonitor\/wp-json\/wp\/v2\/media\/63821"}],"wp:attachment":[{"href":"https:\/\/jms.com.bo\/mediamonitor\/wp-json\/wp\/v2\/media?parent=63820"}],"wp:term":[{"taxonomy":"category","embeddable":true,"href":"https:\/\/jms.com.bo\/mediamonitor\/wp-json\/wp\/v2\/categories?post=63820"},{"taxonomy":"post_tag","embeddable":true,"href":"https:\/\/jms.com.bo\/mediamonitor\/wp-json\/wp\/v2\/tags?post=63820"}],"curies":[{"name":"wp","href":"https:\/\/api.w.org\/{rel}","templated":true}]}}