{"id":63822,"date":"2024-02-29T06:47:57","date_gmt":"2024-02-29T10:47:57","guid":{"rendered":"https:\/\/jms.com.bo\/mediamonitor\/2024\/02\/29\/medicos-anuncian-marcha-nacional-y-un-paro-de-72-hora-en-rechazo-al-proyecto-de-ley-de-jubilacion\/"},"modified":"2024-02-29T06:47:57","modified_gmt":"2024-02-29T10:47:57","slug":"medicos-anuncian-marcha-nacional-y-un-paro-de-72-hora-en-rechazo-al-proyecto-de-ley-de-jubilacion","status":"publish","type":"post","link":"https:\/\/jms.com.bo\/mediamonitor\/2024\/02\/29\/medicos-anuncian-marcha-nacional-y-un-paro-de-72-hora-en-rechazo-al-proyecto-de-ley-de-jubilacion\/","title":{"rendered":"M\u00e9dicos anuncian marcha nacional y un paro de 72 hora en rechazo al proyecto de ley de jubilaci\u00f3n"},"content":{"rendered":"<p style=\"text-align: justify;\">La reuni\u00f3n de Consejo Nacional de Salud (Conasa), que se realiz\u00f3 este mi\u00e9rcoles en Cochabamba, rechaz\u00f3 el proyecto de ley de jubilaci\u00f3n y exigi\u00f3 la inclusi\u00f3n del sector p\u00fablico a la Ley General del Trabajo, adem\u00e1s de una jubilaci\u00f3n digna para todos los trabajadores.<\/p>\n<p style=\"text-align: justify;\">\u201cLuego de un amplio debate se ha determinado que el mi\u00e9rcoles de la siguiente semana se va realizar una gran marcha nacional en la ciudad de La Paz, la cual, va contar con la participaci\u00f3n de todos los que componen el sector salud, adem\u00e1s de otros sectores, ah\u00ed vamos a definir la fecha del paro de 72 horas (\u2026) La Federaci\u00f3n de Sindicatos de Ramas M\u00e9dicas de Salud P\u00fablica (Fesirmes) ya declar\u00f3 un paro de 72 horas, solo estamos esperando que defina el d\u00eda para sumarnos todos\u201d, se\u00f1al\u00f3 el presidente del Colegio M\u00e9dico de Bolivia, Carlos Iriarte.<\/p>\n<p style=\"text-align: justify;\">\u201cEl proyecto de ley de jubilaci\u00f3n discrimina a un grupo etario de la sociedad, cuando la Constituci\u00f3n Pol\u00edtica del Estado (CPE) protege a los trabajadores y a los adultos mayores. Pero tambi\u00e9n debemos dar a conocer que este proyecto de ley excluye a un grupo privilegiado que son los pol\u00edticos\u201d, a\u00f1adi\u00f3 Iriarte.<\/p>\n<p style=\"text-align: justify;\">Mientas el ejecutivo nacional de Sirmes, Daniel Cazas, advirti\u00f3 al gobierno que se viene un paro nacional en rechazo al proyecto de ley de jubilaci\u00f3n.<\/p>\n<p style=\"text-align: justify;\">\n","protected":false},"excerpt":{"rendered":"<p>La reuni\u00f3n de Consejo Nacional de Salud (Conasa), que se realiz\u00f3 este mi\u00e9rcoles en Cochabamba, rechaz\u00f3 el proyecto de ley de jubilaci\u00f3n y exigi\u00f3 la inclusi\u00f3n del sector p\u00fablico a la Ley General del Trabajo, adem\u00e1s de una jubilaci\u00f3n digna para todos los trabajadores. \u201cLuego de un amplio debate se ha determinado que el mi\u00e9rcoles [&hellip;]<\/p>\n","protected":false},"author":4,"featured_media":63823,"comment_status":"open","ping_status":"closed","sticky":false,"template":"","format":"standard","meta":{"footnotes":""},"categories":[49],"tags":[],"class_list":{"0":"post-63822","1":"post","2":"type-post","3":"status-publish","4":"format-standard","5":"has-post-thumbnail","7":"category-social"},"_links":{"self":[{"href":"https:\/\/jms.com.bo\/mediamonitor\/wp-json\/wp\/v2\/posts\/63822","targetHints":{"allow":["GET"]}}],"collection":[{"href":"https:\/\/jms.com.bo\/mediamonitor\/wp-json\/wp\/v2\/posts"}],"about":[{"href":"https:\/\/jms.com.bo\/mediamonitor\/wp-json\/wp\/v2\/types\/post"}],"author":[{"embeddable":true,"href":"https:\/\/jms.com.bo\/mediamonitor\/wp-json\/wp\/v2\/users\/4"}],"replies":[{"embeddable":true,"href":"https:\/\/jms.com.bo\/mediamonitor\/wp-json\/wp\/v2\/comments?post=63822"}],"version-history":[{"count":0,"href":"https:\/\/jms.com.bo\/mediamonitor\/wp-json\/wp\/v2\/posts\/63822\/revisions"}],"wp:featuredmedia":[{"embeddable":true,"href":"https:\/\/jms.com.bo\/mediamonitor\/wp-json\/wp\/v2\/media\/63823"}],"wp:attachment":[{"href":"https:\/\/jms.com.bo\/mediamonitor\/wp-json\/wp\/v2\/media?parent=63822"}],"wp:term":[{"taxonomy":"category","embeddable":true,"href":"https:\/\/jms.com.bo\/mediamonitor\/wp-json\/wp\/v2\/categories?post=63822"},{"taxonomy":"post_tag","embeddable":true,"href":"https:\/\/jms.com.bo\/mediamonitor\/wp-json\/wp\/v2\/tags?post=63822"}],"curies":[{"name":"wp","href":"https:\/\/api.w.org\/{rel}","templated":true}]}}