{"id":63824,"date":"2024-03-01T07:02:18","date_gmt":"2024-03-01T11:02:18","guid":{"rendered":"https:\/\/jms.com.bo\/mediamonitor\/2024\/02\/29\/asentamientos-y-explotacion-minera-y-de-aridos-suben-riesgo-de-inundaciones\/"},"modified":"2024-03-01T07:02:30","modified_gmt":"2024-03-01T11:02:30","slug":"asentamientos-y-explotacion-minera-y-de-aridos-suben-riesgo-de-inundaciones-2","status":"publish","type":"post","link":"https:\/\/jms.com.bo\/mediamonitor\/2024\/03\/01\/asentamientos-y-explotacion-minera-y-de-aridos-suben-riesgo-de-inundaciones-2\/","title":{"rendered":"Asentamientos y explotaci\u00f3n minera y de \u00e1ridos suben riesgo de inundaciones"},"content":{"rendered":"<p style=\"text-align: justify;\">Los asentamientos humanos en las riberas, la explotaci\u00f3n de \u00e1ridos y la explotaci\u00f3n minera en los r\u00edos aumentan la probabilidad de desbordes, coincidieron por separado los investigadores Edson Ram\u00edrez y \u00d3scar Paz Rada.<\/p>\n<p style=\"text-align: justify;\">Recomendaron que se ajuste la normativa de ordenamiento territorial con el fin de proteger los umbrales cr\u00edticos de riesgo de los r\u00edos y enfocarse en la planificaci\u00f3n urbana y rural.<\/p>\n<p style=\"text-align: justify;\">En Bolivia se registran crecidas de r\u00edos, desbordes y deslizamientos en todos los departamentos; son cerca de 16 mil familias afectadas por las inundaciones y deslizamientos.<\/p>\n<p style=\"text-align: justify;\">Para el investigador de la Universidad Mayor de San Andr\u00e9s (UMSA) Edson Ram\u00edrez, el riesgo de inundaciones aumenta con la explotaci\u00f3n de los agregados, con el cambio del uso de suelo y la falta de cobertura en las riberas. \u201cDebilita los lechos de los r\u00edos y se genera la erosi\u00f3n profundizada\u201d, explic\u00f3.<\/p>\n<p style=\"text-align: justify;\">Expres\u00f3 su preocupaci\u00f3n por los asentamientos humanos en los l\u00edmites de riesgo. \u201cPensamos que el r\u00edo se ha comido terreno de los asentamientos, pero somos nosotros los que estamos invadiendo la franja de seguridad\u201d, sostuvo.<\/p>\n<p style=\"text-align: justify;\">Explic\u00f3 que las inundaciones registradas se deben al fen\u00f3meno de El Ni\u00f1o. \u201cEra algo que esperamos para marzo y abril y a\u00fan lo vamos a ver los pr\u00f3ximos meses\u201d, se\u00f1al\u00f3.<\/p>\n<p style=\"text-align: justify;\">Se trata de un fen\u00f3meno previsible y, por lo tanto, no se deber\u00eda esperar que llegue el desastre, \u201cdeber\u00edamos ser previsores y prepararnos con varios meses de anticipaci\u00f3n\u201d, se\u00f1al\u00f3.<\/p>\n<p style=\"text-align: justify;\">El investigador de la UMSA Oscar Paz Rada record\u00f3 que el Panel Cient\u00edfico del Cambio Clim\u00e1tico (IPCC) estableci\u00f3, en su \u00faltimo reporte, que los eventos como inundaciones y sequ\u00eda ser\u00e1n m\u00e1s extremos y los comportamientos podr\u00edan variar y eso es lo que se est\u00e1 observando.<\/p>\n<p style=\"text-align: justify;\">Paz aclar\u00f3 que el fen\u00f3meno de El Ni\u00f1o genera inundaciones y sequ\u00edas; sin embargo, siempre han ocurrido con alg\u00fan nivel de probabilidad y de manera separada, pero ahora se presenta un fen\u00f3meno at\u00edpico. \u201cEn algunas regiones con m\u00e1s sequ\u00edas que en otras y lo mismo a nivel de inundaciones\u201d, se\u00f1al\u00f3.<\/p>\n<p style=\"text-align: justify;\">Indic\u00f3 que los diferentes niveles del Gobierno deben trabajar en mejorar los procesos de resiliencia clim\u00e1tica, con mejores sistemas de alerta temprana, mejores sistemas de gobernanza, mejores sistemas de atenci\u00f3n de emergencias y especialmente contar con los recursos humanos adecuados, as\u00ed como con los recursos econ\u00f3micos suficientes.<\/p>\n<p style=\"text-align: justify;\">Crecidas<\/p>\n<p style=\"text-align: justify;\">En Bolivia se registran crecidas extraordinarias de los r\u00edos, se han destruido puentes y se han cerrado caminos.<\/p>\n<p style=\"text-align: justify;\">La crecida extraordinaria del r\u00edo Pira\u00ed en el Torno, en Santa Cruz, pone en riesgo el puente Tarum\u00e1 debido a que el agua carcomi\u00f3 la estructura y hay el riesgo que se desplome la plataforma<\/p>\n<p style=\"text-align: justify;\">Se registran vibraciones por la inestabilidad de la plataforma y, por precauci\u00f3n, se decidi\u00f3 el cierre de una de las v\u00edas. En la parte afectada se colocaron bolsas con tierra y se\u00f1alizaci\u00f3n para advertir a los conductores del peligro.<\/p>\n<p style=\"text-align: justify;\">Este puente conecta la ruta a los valles cruce\u00f1os, con gran movimiento vehicular, tanto del transporte pesado como liviano.<\/p>\n<p style=\"text-align: justify;\">Las lluvias ocasionaron problemas en otras comunidades de la zona de los valles, por lo que se quedaron sin luz y agua por desbordes. Afectaron al municipio de San Pedro, en la zona del Norte Integrado. \u201cNo se han cuantificado, pero hay p\u00e9rdidas. Los cultivos est\u00e1n bajo el agua\u201d, explic\u00f3 el productor.<\/p>\n<p style=\"text-align: justify;\">En Guanay, en La Paz, los r\u00edos Mapiri y Tipuani se desbordaron debido al incremento de su caudal. El agua y el lodo llegaron hasta el centro urbano y a la comunidad Candelaria. Las clases siguen suspendidas El desborde de dos r\u00edos ha generado una inundaci\u00f3n en el \u00e1rea urbana que dej\u00f3 bajo el agua centenas de casas, de las cuales al menos 350 se desplomaron.<\/p>\n<p style=\"text-align: justify;\">En Palca, tambi\u00e9n en La Paz, la crecida de los r\u00edos ocasion\u00f3 la p\u00e9rdida de siete puentes; adem\u00e1s contin\u00faa la amenaza para las viviendas cercanas a los cauces.<\/p>\n<p style=\"text-align: justify;\">En Colcha K, Potos\u00ed, las tareas de limpieza del lodo que cubri\u00f3 las calles y casas contin\u00faa con ayuda de los militares del Regimiento Antofagasta.<\/p>\n<p style=\"text-align: justify;\">\n<p style=\"text-align: justify;\">Ayuda a afectados<\/p>\n<p style=\"text-align: justify;\">El viceministro de Defensa Civil, Juan Carlos Calvimontes, junto a Gesti\u00f3n Social del Ministerio de la Presidencia, entreg\u00f3, la tarde de este jueves, 29,26 toneladas de ayuda humanitaria para 1.141 familias damnificadas por inundaci\u00f3n y deslizamiento en el municipio de Palca del departamento de La Paz.<\/p>\n<p style=\"text-align: justify;\">En Guanay, el personal del Batall\u00f3n General Rom\u00e1n moviliz\u00f3 a 53 efectivos para la remoci\u00f3n de escombros, limpieza de calles y apoyo a la poblaci\u00f3n, en el traslado de las pertenencias de los damnificados.<\/p>\n","protected":false},"excerpt":{"rendered":"<p>Los asentamientos humanos en las riberas, la explotaci\u00f3n de \u00e1ridos y la explotaci\u00f3n minera en los r\u00edos aumentan la probabilidad de desbordes, coincidieron por separado los investigadores Edson Ram\u00edrez y \u00d3scar Paz Rada. Recomendaron que se ajuste la normativa de ordenamiento territorial con el fin de proteger los umbrales cr\u00edticos de riesgo de los r\u00edos [&hellip;]<\/p>\n","protected":false},"author":4,"featured_media":63867,"comment_status":"open","ping_status":"closed","sticky":false,"template":"","format":"standard","meta":{"footnotes":""},"categories":[20],"tags":[],"class_list":{"0":"post-63824","1":"post","2":"type-post","3":"status-publish","4":"format-standard","5":"has-post-thumbnail","7":"category-actualidad"},"_links":{"self":[{"href":"https:\/\/jms.com.bo\/mediamonitor\/wp-json\/wp\/v2\/posts\/63824","targetHints":{"allow":["GET"]}}],"collection":[{"href":"https:\/\/jms.com.bo\/mediamonitor\/wp-json\/wp\/v2\/posts"}],"about":[{"href":"https:\/\/jms.com.bo\/mediamonitor\/wp-json\/wp\/v2\/types\/post"}],"author":[{"embeddable":true,"href":"https:\/\/jms.com.bo\/mediamonitor\/wp-json\/wp\/v2\/users\/4"}],"replies":[{"embeddable":true,"href":"https:\/\/jms.com.bo\/mediamonitor\/wp-json\/wp\/v2\/comments?post=63824"}],"version-history":[{"count":1,"href":"https:\/\/jms.com.bo\/mediamonitor\/wp-json\/wp\/v2\/posts\/63824\/revisions"}],"predecessor-version":[{"id":63866,"href":"https:\/\/jms.com.bo\/mediamonitor\/wp-json\/wp\/v2\/posts\/63824\/revisions\/63866"}],"wp:featuredmedia":[{"embeddable":true,"href":"https:\/\/jms.com.bo\/mediamonitor\/wp-json\/wp\/v2\/media\/63867"}],"wp:attachment":[{"href":"https:\/\/jms.com.bo\/mediamonitor\/wp-json\/wp\/v2\/media?parent=63824"}],"wp:term":[{"taxonomy":"category","embeddable":true,"href":"https:\/\/jms.com.bo\/mediamonitor\/wp-json\/wp\/v2\/categories?post=63824"},{"taxonomy":"post_tag","embeddable":true,"href":"https:\/\/jms.com.bo\/mediamonitor\/wp-json\/wp\/v2\/tags?post=63824"}],"curies":[{"name":"wp","href":"https:\/\/api.w.org\/{rel}","templated":true}]}}