{"id":63826,"date":"2024-02-29T06:50:16","date_gmt":"2024-02-29T10:50:16","guid":{"rendered":"https:\/\/jms.com.bo\/mediamonitor\/2024\/02\/29\/cobija-es-declarado-zona-de-desastre-por-el-desborde-del-rio-acre\/"},"modified":"2024-02-29T06:50:16","modified_gmt":"2024-02-29T10:50:16","slug":"cobija-es-declarado-zona-de-desastre-por-el-desborde-del-rio-acre","status":"publish","type":"post","link":"https:\/\/jms.com.bo\/mediamonitor\/2024\/02\/29\/cobija-es-declarado-zona-de-desastre-por-el-desborde-del-rio-acre\/","title":{"rendered":"Cobija es declarado zona de desastre por el desborde del r\u00edo Acre"},"content":{"rendered":"<p style=\"text-align: justify;\">La alcaldesa de Cobija, Ana Luc\u00eda Reis, confirm\u00f3 que su municipio se declar\u00f3 zona de desastre, luego de una inundaci\u00f3n sin precedentes tras el desborde del r\u00edo Acre.<\/p>\n<p style=\"text-align: justify;\">\u201cHemos declarado zona de desastre al municipio de Cobija, m\u00e1s de 920 familias afectadas, m\u00e1s de 3.700 personas. La impotencia de todo un pueblo, de todas las autoridades de ver tantas casas bajo el agua y m\u00e1s que todo la tristeza de tantas familias de perder sus casas, sus bienes, realmente nos sentimos todos muy mal\u201d, se\u00f1al\u00f3 Reis.<\/p>\n<p style=\"text-align: justify;\">Agreg\u00f3 que con esta declaratoria se muestra que la Alcald\u00eda de Cobija no tiene las condiciones de seguir apoyando en todo lo que quiere la poblaci\u00f3n, principalmente una posinundaci\u00f3n.<\/p>\n<p style=\"text-align: justify;\">\u201cHay mucho por reconstruir, hay mucho por hacer y la prevenci\u00f3n de varios tipos de enfermedades y donde necesitamos que la Gobernaci\u00f3n de Pando entre en este proceso\u201d.<\/p>\n<p style=\"text-align: justify;\">El s\u00e1bado, Reis declar\u00f3 alerta roja en el municipio porque las aguas del caudal comenzaron a inundar las calles de esa ciudad.<\/p>\n<p style=\"text-align: justify;\">A consecuencia de la crecida del r\u00edo y la inundaci\u00f3n de las v\u00edas de la capital pandina, muchas familias comenzaron a abandonar sus casas para trasladarse a los albergues habilitados por la Alcald\u00eda.<\/p>\n<p style=\"text-align: justify;\">Seg\u00fan reportes televisivos, las precipitaciones fueron constantes en la cabecera del r\u00edo, lo que ocasion\u00f3 la crecida del caudal que super\u00f3 el l\u00edmite de 11 metros y comenz\u00f3 a inundar la capital pandina.<\/p>\n","protected":false},"excerpt":{"rendered":"<p>La alcaldesa de Cobija, Ana Luc\u00eda Reis, confirm\u00f3 que su municipio se declar\u00f3 zona de desastre, luego de una inundaci\u00f3n sin precedentes tras el desborde del r\u00edo Acre. \u201cHemos declarado zona de desastre al municipio de Cobija, m\u00e1s de 920 familias afectadas, m\u00e1s de 3.700 personas. La impotencia de todo un pueblo, de todas las [&hellip;]<\/p>\n","protected":false},"author":4,"featured_media":63827,"comment_status":"open","ping_status":"closed","sticky":false,"template":"","format":"standard","meta":{"footnotes":""},"categories":[20],"tags":[],"class_list":{"0":"post-63826","1":"post","2":"type-post","3":"status-publish","4":"format-standard","5":"has-post-thumbnail","7":"category-actualidad"},"_links":{"self":[{"href":"https:\/\/jms.com.bo\/mediamonitor\/wp-json\/wp\/v2\/posts\/63826","targetHints":{"allow":["GET"]}}],"collection":[{"href":"https:\/\/jms.com.bo\/mediamonitor\/wp-json\/wp\/v2\/posts"}],"about":[{"href":"https:\/\/jms.com.bo\/mediamonitor\/wp-json\/wp\/v2\/types\/post"}],"author":[{"embeddable":true,"href":"https:\/\/jms.com.bo\/mediamonitor\/wp-json\/wp\/v2\/users\/4"}],"replies":[{"embeddable":true,"href":"https:\/\/jms.com.bo\/mediamonitor\/wp-json\/wp\/v2\/comments?post=63826"}],"version-history":[{"count":0,"href":"https:\/\/jms.com.bo\/mediamonitor\/wp-json\/wp\/v2\/posts\/63826\/revisions"}],"wp:featuredmedia":[{"embeddable":true,"href":"https:\/\/jms.com.bo\/mediamonitor\/wp-json\/wp\/v2\/media\/63827"}],"wp:attachment":[{"href":"https:\/\/jms.com.bo\/mediamonitor\/wp-json\/wp\/v2\/media?parent=63826"}],"wp:term":[{"taxonomy":"category","embeddable":true,"href":"https:\/\/jms.com.bo\/mediamonitor\/wp-json\/wp\/v2\/categories?post=63826"},{"taxonomy":"post_tag","embeddable":true,"href":"https:\/\/jms.com.bo\/mediamonitor\/wp-json\/wp\/v2\/tags?post=63826"}],"curies":[{"name":"wp","href":"https:\/\/api.w.org\/{rel}","templated":true}]}}