{"id":63828,"date":"2024-02-29T06:51:24","date_gmt":"2024-02-29T10:51:24","guid":{"rendered":"https:\/\/jms.com.bo\/mediamonitor\/2024\/02\/29\/civicos-exigen-informes-sobre-contaminacion-del-rio-pilcomayo\/"},"modified":"2024-02-29T06:51:24","modified_gmt":"2024-02-29T10:51:24","slug":"civicos-exigen-informes-sobre-contaminacion-del-rio-pilcomayo","status":"publish","type":"post","link":"https:\/\/jms.com.bo\/mediamonitor\/2024\/02\/29\/civicos-exigen-informes-sobre-contaminacion-del-rio-pilcomayo\/","title":{"rendered":"C\u00edvicos exigen informes sobre contaminaci\u00f3n del r\u00edo Pilcomayo"},"content":{"rendered":"<p style=\"text-align: justify;\">El Comit\u00e9 Pro Intereses de Tarija, a trav\u00e9s de sus autoridades, manifest\u00f3 su preocupaci\u00f3n y exigen informes por los desechos minerales que est\u00e1n contaminando el r\u00edo Pilcomayo, el mismo que est\u00e1 afectando a los poblados aleda\u00f1os, donde existen personas con c\u00e1ncer a causa del consumo de agua y peces contaminados.<\/p>\n<p style=\"text-align: justify;\">El detonante fue la denuncia que hizo Ren\u00e9 Arebayo, dirigente del pueblo guaran\u00ed en Itika Guasu (provincia O\u00b4Connor), sobre el deceso de su madre a consecuencia de un tumor cancer\u00edgeno en su ri\u00f1\u00f3n.<\/p>\n<p style=\"text-align: justify;\">\u00abVamos a exigir informaci\u00f3n sobre la contaminaci\u00f3n minera en el Pilcomayo al Gobierno central y entidades subnacionales para que se pueda dar una soluci\u00f3n a esta problem\u00e1tica\u00bb, dijo el presidente del Comit\u00e9 Pro Intereses de Tarija, Jes\u00fas Gira.<\/p>\n<p style=\"text-align: justify;\">En su opini\u00f3n las autoridades gubernamentales deben hacer \u00abcarne\u00bb de la contaminaci\u00f3n del r\u00edo que afecta a las familias ind\u00edgenas, debido al descuido estatal que no toma en serio los da\u00f1os causados por los desechos nocivos de la miner\u00eda.<\/p>\n<p style=\"text-align: justify;\">Arebayo revel\u00f3 que en su familia una prima y tambi\u00e9n una sobrina ya tienen dolencias en el ri\u00f1\u00f3n e incluso la menor a sus 10 a\u00f1os ya est\u00e1 con di\u00e1lisis.<\/p>\n<p style=\"text-align: justify;\">\u00abDesde hace 11 meses que estoy suplicando a las autoridades para que bajen a los poblados ribere\u00f1os y hagan una evaluaci\u00f3n m\u00e9dica a las personas porque hoy estoy de luto por la muerte de mi madre y no quiero que le pase a otras familias\u00bb, dijo el dirigente guaran\u00ed.<\/p>\n<p style=\"text-align: justify;\">El martes, envi\u00f3 solicitudes al Ministerio de Salud y al Servicio Departamental de Salud (SEDES) Tarija para concretar el desplazamiento de una comisi\u00f3n para verificar la situaci\u00f3n sanitaria en las comunidades de esa etnia.<\/p>\n<p style=\"text-align: justify;\">El director de Gesti\u00f3n Ambiental y Riesgos de la Gobernaci\u00f3n de Tarija, Reiner Figueroa, lament\u00f3 que algunas autoridades nacionales hayan politizado el tema y dejaran a un lado la situaci\u00f3n que atraviesa el r\u00edo Pilcomayo, pese a tener informes de laboratorios que ratifican la contaminaci\u00f3n minera.<\/p>\n<p style=\"text-align: justify;\">A mediados del pasado a\u00f1o, la Gobernaci\u00f3n, a trav\u00e9s de un informe de laboratorio del Instituto Nacional de Salud Ocupacional (INSO), revel\u00f3 la presencia de altos niveles de plomo y mercurio en los s\u00e1balos.<\/p>\n<p style=\"text-align: justify;\">Por esta situaci\u00f3n no era recomendable su consumo, especialmente en poblaci\u00f3n de riesgo. (Tarija, agencias)<\/p>\n","protected":false},"excerpt":{"rendered":"<p>El Comit\u00e9 Pro Intereses de Tarija, a trav\u00e9s de sus autoridades, manifest\u00f3 su preocupaci\u00f3n y exigen informes por los desechos minerales que est\u00e1n contaminando el r\u00edo Pilcomayo, el mismo que est\u00e1 afectando a los poblados aleda\u00f1os, donde existen personas con c\u00e1ncer a causa del consumo de agua y peces contaminados. El detonante fue la denuncia [&hellip;]<\/p>\n","protected":false},"author":4,"featured_media":63829,"comment_status":"open","ping_status":"closed","sticky":false,"template":"","format":"standard","meta":{"footnotes":""},"categories":[20,47,48],"tags":[],"class_list":{"0":"post-63828","1":"post","2":"type-post","3":"status-publish","4":"format-standard","5":"has-post-thumbnail","7":"category-actualidad","8":"category-portada-actualidad","9":"category-portada-general-sitio"},"_links":{"self":[{"href":"https:\/\/jms.com.bo\/mediamonitor\/wp-json\/wp\/v2\/posts\/63828","targetHints":{"allow":["GET"]}}],"collection":[{"href":"https:\/\/jms.com.bo\/mediamonitor\/wp-json\/wp\/v2\/posts"}],"about":[{"href":"https:\/\/jms.com.bo\/mediamonitor\/wp-json\/wp\/v2\/types\/post"}],"author":[{"embeddable":true,"href":"https:\/\/jms.com.bo\/mediamonitor\/wp-json\/wp\/v2\/users\/4"}],"replies":[{"embeddable":true,"href":"https:\/\/jms.com.bo\/mediamonitor\/wp-json\/wp\/v2\/comments?post=63828"}],"version-history":[{"count":0,"href":"https:\/\/jms.com.bo\/mediamonitor\/wp-json\/wp\/v2\/posts\/63828\/revisions"}],"wp:featuredmedia":[{"embeddable":true,"href":"https:\/\/jms.com.bo\/mediamonitor\/wp-json\/wp\/v2\/media\/63829"}],"wp:attachment":[{"href":"https:\/\/jms.com.bo\/mediamonitor\/wp-json\/wp\/v2\/media?parent=63828"}],"wp:term":[{"taxonomy":"category","embeddable":true,"href":"https:\/\/jms.com.bo\/mediamonitor\/wp-json\/wp\/v2\/categories?post=63828"},{"taxonomy":"post_tag","embeddable":true,"href":"https:\/\/jms.com.bo\/mediamonitor\/wp-json\/wp\/v2\/tags?post=63828"}],"curies":[{"name":"wp","href":"https:\/\/api.w.org\/{rel}","templated":true}]}}