{"id":63832,"date":"2024-02-29T06:59:16","date_gmt":"2024-02-29T10:59:16","guid":{"rendered":"https:\/\/jms.com.bo\/mediamonitor\/2024\/02\/29\/ministro-de-gobierno-niega-que-fernando-lopez-haya-sido-aprehendido-en-paraguay\/"},"modified":"2024-02-29T06:59:16","modified_gmt":"2024-02-29T10:59:16","slug":"ministro-de-gobierno-niega-que-fernando-lopez-haya-sido-aprehendido-en-paraguay","status":"publish","type":"post","link":"https:\/\/jms.com.bo\/mediamonitor\/2024\/02\/29\/ministro-de-gobierno-niega-que-fernando-lopez-haya-sido-aprehendido-en-paraguay\/","title":{"rendered":"Ministro de Gobierno niega que Fernando L\u00f3pez haya sido aprehendido en Paraguay"},"content":{"rendered":"<p style=\"text-align: justify;\">A trav\u00e9s de su cuenta en X, el ministro de Gobierno, Eduardo del Castillo, asegur\u00f3 que el exministro de Defensa, Fernando L\u00f3pez, no fue aprehendido en Paraguay, como afirm\u00f3 el\u00a0diputado del\u00a0Movimiento Al Socialismo (MAS) Gualberto Arispe.<\/p>\n<p style=\"text-align: justify;\">\u00abDespu\u00e9s de hacer las consultas correspondientes con autoridades en\u00a0<a href=\"https:\/\/twitter.com\/hashtag\/Paraguay?src=hashtag_click\">#Paraguay<\/a>, desmentimos que se encuentra aprehendido\u00bb, escribi\u00f3 en su red social.<\/p>\n<div id=\"embed\" class=\"embed\" style=\"text-align: justify;\" contenteditable=\"false\">\n<div class=\"twitter-tweet twitter-tweet-rendered\"><\/div>\n<\/div>\n<p style=\"text-align: justify;\"><iframe id=\"twitter-widget-0\" class=\"\" title=\"X Post\" src=\"https:\/\/platform.twitter.com\/embed\/Tweet.html?dnt=false&amp;embedId=twitter-widget-0&amp;features=eyJ0ZndfdGltZWxpbmVfbGlzdCI6eyJidWNrZXQiOltdLCJ2ZXJzaW9uIjpudWxsfSwidGZ3X2ZvbGxvd2VyX2NvdW50X3N1bnNldCI6eyJidWNrZXQiOnRydWUsInZlcnNpb24iOm51bGx9LCJ0ZndfdHdlZXRfZWRpdF9iYWNrZW5kIjp7ImJ1Y2tldCI6Im9uIiwidmVyc2lvbiI6bnVsbH0sInRmd19yZWZzcmNfc2Vzc2lvbiI6eyJidWNrZXQiOiJvbiIsInZlcnNpb24iOm51bGx9LCJ0ZndfZm9zbnJfc29mdF9pbnRlcnZlbnRpb25zX2VuYWJsZWQiOnsiYnVja2V0Ijoib24iLCJ2ZXJzaW9uIjpudWxsfSwidGZ3X21peGVkX21lZGlhXzE1ODk3Ijp7ImJ1Y2tldCI6InRyZWF0bWVudCIsInZlcnNpb24iOm51bGx9LCJ0ZndfZXhwZXJpbWVudHNfY29va2llX2V4cGlyYXRpb24iOnsiYnVja2V0IjoxMjA5NjAwLCJ2ZXJzaW9uIjpudWxsfSwidGZ3X3Nob3dfYmlyZHdhdGNoX3Bpdm90c19lbmFibGVkIjp7ImJ1Y2tldCI6Im9uIiwidmVyc2lvbiI6bnVsbH0sInRmd19kdXBsaWNhdGVfc2NyaWJlc190b19zZXR0aW5ncyI6eyJidWNrZXQiOiJvbiIsInZlcnNpb24iOm51bGx9LCJ0ZndfdXNlX3Byb2ZpbGVfaW1hZ2Vfc2hhcGVfZW5hYmxlZCI6eyJidWNrZXQiOiJvbiIsInZlcnNpb24iOm51bGx9LCJ0ZndfdmlkZW9faGxzX2R5bmFtaWNfbWFuaWZlc3RzXzE1MDgyIjp7ImJ1Y2tldCI6InRydWVfYml0cmF0ZSIsInZlcnNpb24iOm51bGx9LCJ0ZndfbGVnYWN5X3RpbWVsaW5lX3N1bnNldCI6eyJidWNrZXQiOnRydWUsInZlcnNpb24iOm51bGx9LCJ0ZndfdHdlZXRfZWRpdF9mcm9udGVuZCI6eyJidWNrZXQiOiJvbiIsInZlcnNpb24iOm51bGx9fQ%3D%3D&amp;frame=false&amp;hideCard=false&amp;hideThread=false&amp;id=1762961293458231579&amp;lang=es&amp;origin=https%3A%2F%2Felpais.bo%2Fnacional%2F20240228_ministro-de-gobierno-niega-que-fernando-lopez-haya-sido-aprehendido-en-paraguay.html&amp;sessionId=1fc66cbb80626fab3aacffa870c77b5b5804b599&amp;siteScreenName=El%20Pa%C3%ADs%20Tarija&amp;theme=light&amp;widgetsVersion=2615f7e52b7e0%3A1702314776716&amp;width=550px\" frameborder=\"0\" scrolling=\"no\" allowfullscreen=\"allowfullscreen\" data-tweet-id=\"1762961293458231579\" data-mce-fragment=\"1\"><\/iframe><\/p>\n","protected":false},"excerpt":{"rendered":"<p>A trav\u00e9s de su cuenta en X, el ministro de Gobierno, Eduardo del Castillo, asegur\u00f3 que el exministro de Defensa, Fernando L\u00f3pez, no fue aprehendido en Paraguay, como afirm\u00f3 el\u00a0diputado del\u00a0Movimiento Al Socialismo (MAS) Gualberto Arispe. \u00abDespu\u00e9s de hacer las consultas correspondientes con autoridades en\u00a0#Paraguay, desmentimos que se encuentra aprehendido\u00bb, escribi\u00f3 en su red social.<\/p>\n","protected":false},"author":4,"featured_media":63833,"comment_status":"open","ping_status":"closed","sticky":false,"template":"","format":"standard","meta":{"footnotes":""},"categories":[18],"tags":[],"class_list":{"0":"post-63832","1":"post","2":"type-post","3":"status-publish","4":"format-standard","5":"has-post-thumbnail","7":"category-politica"},"_links":{"self":[{"href":"https:\/\/jms.com.bo\/mediamonitor\/wp-json\/wp\/v2\/posts\/63832","targetHints":{"allow":["GET"]}}],"collection":[{"href":"https:\/\/jms.com.bo\/mediamonitor\/wp-json\/wp\/v2\/posts"}],"about":[{"href":"https:\/\/jms.com.bo\/mediamonitor\/wp-json\/wp\/v2\/types\/post"}],"author":[{"embeddable":true,"href":"https:\/\/jms.com.bo\/mediamonitor\/wp-json\/wp\/v2\/users\/4"}],"replies":[{"embeddable":true,"href":"https:\/\/jms.com.bo\/mediamonitor\/wp-json\/wp\/v2\/comments?post=63832"}],"version-history":[{"count":0,"href":"https:\/\/jms.com.bo\/mediamonitor\/wp-json\/wp\/v2\/posts\/63832\/revisions"}],"wp:featuredmedia":[{"embeddable":true,"href":"https:\/\/jms.com.bo\/mediamonitor\/wp-json\/wp\/v2\/media\/63833"}],"wp:attachment":[{"href":"https:\/\/jms.com.bo\/mediamonitor\/wp-json\/wp\/v2\/media?parent=63832"}],"wp:term":[{"taxonomy":"category","embeddable":true,"href":"https:\/\/jms.com.bo\/mediamonitor\/wp-json\/wp\/v2\/categories?post=63832"},{"taxonomy":"post_tag","embeddable":true,"href":"https:\/\/jms.com.bo\/mediamonitor\/wp-json\/wp\/v2\/tags?post=63832"}],"curies":[{"name":"wp","href":"https:\/\/api.w.org\/{rel}","templated":true}]}}