{"id":63834,"date":"2024-02-29T07:01:35","date_gmt":"2024-02-29T11:01:35","guid":{"rendered":"https:\/\/jms.com.bo\/mediamonitor\/2024\/02\/29\/arcismo-no-reinstalara-sesion-58-mientras-oposicion-mantenga-vigilia\/"},"modified":"2024-02-29T07:01:35","modified_gmt":"2024-02-29T11:01:35","slug":"arcismo-no-reinstalara-sesion-58-mientras-oposicion-mantenga-vigilia","status":"publish","type":"post","link":"https:\/\/jms.com.bo\/mediamonitor\/2024\/02\/29\/arcismo-no-reinstalara-sesion-58-mientras-oposicion-mantenga-vigilia\/","title":{"rendered":"\u00abArcismo\u00bb no reinstalar\u00e1 sesi\u00f3n 58 mientras oposici\u00f3n mantenga vigilia"},"content":{"rendered":"<p style=\"text-align: justify;\">Luego de la toma f\u00edsica de la testera en el hemiciclo parlamentario por parte de legisladoras de oposici\u00f3n, la noche del martes, motivo por el que se declar\u00f3 un cuarto intermedio en la 58 de sesi\u00f3n de la C\u00e1mara de Diputados, el presidente de esta instancia legislativa, Israel Huaytari, se\u00f1al\u00f3 que no es posible hacer modificaciones en el Orden del D\u00eda y advirti\u00f3 que no se reinstalar\u00e1 la sesi\u00f3n mientras \u00abevistas\u00bb y opositores no levanten su medida.<\/p>\n<p style=\"text-align: justify;\">En conferencia de prensa, Haytari afirm\u00f3 que no corresponde modificar el Orden del D\u00eda como se demanda desde la oposici\u00f3n, por lo que el cuarto intermedio declarado se levantar\u00e1 cuando existan las condiciones para ello.<\/p>\n<p style=\"text-align: justify;\">\u00abLa otra salida es cerrar esa sesi\u00f3n o lo que se puede considerar es su aplazamiento; se debe proseguir con los puntos estipulados en la convocatoria y el orden del d\u00eda aprobado\u00bb indic\u00f3.<\/p>\n<p style=\"text-align: justify;\">Huaytari, reiter\u00f3 que mientras los opositores mantienen la toma de la testera, se continuar\u00e1 con el cuarto intermedio. \u00abUna vez que se retiren de la testera vamos a reinstalar la sesi\u00f3n que permanece paralizada sin fecha ni hora\u00bb, dijo.<\/p>\n<p style=\"text-align: justify;\">En relaci\u00f3n a los cuestionamientos por la falta de trabajo en el Parlamento, la autoridad legislativa adelant\u00f3 que se recuperar\u00e1 el tiempo perdido en esta sesi\u00f3n trabajando incluso en fin de semana.<\/p>\n<p style=\"text-align: justify;\">Ayer, en horas de la ma\u00f1ana, la diputada Lissa Claros de Comunidad Ciudadana, exigi\u00f3 a Huaytari reinstalar la sesi\u00f3n y poner en consideraci\u00f3n el Orden del D\u00eda con voto nominal.<\/p>\n<p style=\"text-align: justify;\">La Legisladora tambi\u00e9n acus\u00f3 al \u00abarcismo\u00bb y al presidente Luis Arce de no aceptar que ya no tienen control de la ALP. \u00abNo tiene la voluntad pol\u00edtica de solucionar este conflicto en el que nos han metido. El presidente debe entender y asumir que ya no tiene el control de la Asamblea Legislativa, no vamos a ceder ni un mil\u00edmetro y que se ponga en consideraci\u00f3n el Orden del D\u00eda\u00bb, expres\u00f3.<\/p>\n","protected":false},"excerpt":{"rendered":"<p>Luego de la toma f\u00edsica de la testera en el hemiciclo parlamentario por parte de legisladoras de oposici\u00f3n, la noche del martes, motivo por el que se declar\u00f3 un cuarto intermedio en la 58 de sesi\u00f3n de la C\u00e1mara de Diputados, el presidente de esta instancia legislativa, Israel Huaytari, se\u00f1al\u00f3 que no es posible hacer [&hellip;]<\/p>\n","protected":false},"author":4,"featured_media":63835,"comment_status":"open","ping_status":"closed","sticky":false,"template":"","format":"standard","meta":{"footnotes":""},"categories":[18,48,46],"tags":[],"class_list":{"0":"post-63834","1":"post","2":"type-post","3":"status-publish","4":"format-standard","5":"has-post-thumbnail","7":"category-politica","8":"category-portada-general-sitio","9":"category-portada-politica"},"_links":{"self":[{"href":"https:\/\/jms.com.bo\/mediamonitor\/wp-json\/wp\/v2\/posts\/63834","targetHints":{"allow":["GET"]}}],"collection":[{"href":"https:\/\/jms.com.bo\/mediamonitor\/wp-json\/wp\/v2\/posts"}],"about":[{"href":"https:\/\/jms.com.bo\/mediamonitor\/wp-json\/wp\/v2\/types\/post"}],"author":[{"embeddable":true,"href":"https:\/\/jms.com.bo\/mediamonitor\/wp-json\/wp\/v2\/users\/4"}],"replies":[{"embeddable":true,"href":"https:\/\/jms.com.bo\/mediamonitor\/wp-json\/wp\/v2\/comments?post=63834"}],"version-history":[{"count":0,"href":"https:\/\/jms.com.bo\/mediamonitor\/wp-json\/wp\/v2\/posts\/63834\/revisions"}],"wp:featuredmedia":[{"embeddable":true,"href":"https:\/\/jms.com.bo\/mediamonitor\/wp-json\/wp\/v2\/media\/63835"}],"wp:attachment":[{"href":"https:\/\/jms.com.bo\/mediamonitor\/wp-json\/wp\/v2\/media?parent=63834"}],"wp:term":[{"taxonomy":"category","embeddable":true,"href":"https:\/\/jms.com.bo\/mediamonitor\/wp-json\/wp\/v2\/categories?post=63834"},{"taxonomy":"post_tag","embeddable":true,"href":"https:\/\/jms.com.bo\/mediamonitor\/wp-json\/wp\/v2\/tags?post=63834"}],"curies":[{"name":"wp","href":"https:\/\/api.w.org\/{rel}","templated":true}]}}