{"id":63836,"date":"2024-02-29T07:03:55","date_gmt":"2024-02-29T11:03:55","guid":{"rendered":"https:\/\/jms.com.bo\/mediamonitor\/2024\/02\/29\/el-ine-destaca-al-sistema-informatico-y-estadistico\/"},"modified":"2024-02-29T07:03:55","modified_gmt":"2024-02-29T11:03:55","slug":"el-ine-destaca-al-sistema-informatico-y-estadistico","status":"publish","type":"post","link":"https:\/\/jms.com.bo\/mediamonitor\/2024\/02\/29\/el-ine-destaca-al-sistema-informatico-y-estadistico\/","title":{"rendered":"El INE destaca al sistema inform\u00e1tico y estad\u00edstico"},"content":{"rendered":"<p style=\"text-align: justify;\">El Instituto Nacional de Estad\u00edstica (INE) fortaleci\u00f3 en 2023 su sistema inform\u00e1tico y estad\u00edstico para sus distintos operativos de campo, y cumpli\u00f3 con los compromisos establecidos para la gesti\u00f3n.<\/p>\n<p style=\"text-align: justify;\">La evaluaci\u00f3n fue hecha en la Audiencia de Rendici\u00f3n P\u00fablica de Cuentas Final 2023.<\/p>\n<p style=\"text-align: justify;\">Los compromisos asumidos para 2023 fueron dise\u00f1ar documentos e instrumentos operativos para la implementaci\u00f3n del Sistema de Certificaci\u00f3n de Operaciones Estad\u00edsticas Oficiales; ejecutar el Censo de Poblaci\u00f3n y Vivienda (CPV); modernizar los indicadores macroecon\u00f3micos a base del Sistema de Cuentas Nacionales (SCN) 2008; y ejecutar el Programa de Inversi\u00f3n P\u00fablica \u201cFortalecimiento del Sistema Estad\u00edstico del Estado Plurinacional de Bolivia\u201d.<\/p>\n<p style=\"text-align: justify;\">Para la implementaci\u00f3n del Sistema de Certificaci\u00f3n, se capacit\u00f3 y registr\u00f3 a funcionarios y usuarios, adem\u00e1s, se trabaj\u00f3 en el proceso de certificaci\u00f3n de operaciones estad\u00edsticas.<\/p>\n<p style=\"text-align: justify;\">La atenci\u00f3n al usuario, en cuanto a informaci\u00f3n y consultas a trav\u00e9s de las plataformas digitales, lleg\u00f3 a 6.985, en biblioteca a 1.995, por chat institucional a 2.405, por WhatsApp a 1.148, por correo electr\u00f3nico a 424, por Facebook a 994, por ventanilla \u00fanica a 8 y por tel\u00e9fono fijo a 11.<\/p>\n<p style=\"text-align: justify;\">\u201cEl INE es responsable de producir, normar y difundir estad\u00edsticas oficiales a trav\u00e9s de registros administrativos, censos, encuestas e informaci\u00f3n geoestad\u00edstica. Ejerce la calidad de autoridad rectora de la producci\u00f3n de estad\u00edsticas oficiales\u201d, inform\u00f3 la entidad.<\/p>\n<p style=\"text-align: justify;\">Entre tanto, el proyecto del censo se ejecut\u00f3 de acuerdo a un cronograma: Prueba piloto del 25 al 27 de marzo; censo experimental del 29 al 31 de julio; Actualizaci\u00f3n Cartogr\u00e1fica Estad\u00edstica (ACE) concluida el 15 de agosto; cuestionario censal culminado en septiembre, as\u00ed como las gu\u00edas did\u00e1cticas (manuales) que describen las acciones y procedimientos de los agentes censales.<\/p>\n<p style=\"text-align: justify;\">Adem\u00e1s, se compr\u00f3 y prepar\u00f3 el material censal, que contiene cuestionarios, formularios, material de escritorio, y se prepar\u00f3 los mapas.<\/p>\n<p style=\"text-align: justify;\">Tambi\u00e9n se defini\u00f3 la estructura que tendr\u00e1 el censo, as\u00ed como la cantidad de material necesario para el desarrollo de las actividades de jefes jurisdiccionales y agentes censales en cada una de las unidades territoriales censales; se desarroll\u00f3 sistemas e infraestructura tecnol\u00f3gica; y el 9 de octubre se inici\u00f3 el reclutamiento de agentes censales voluntarios.<\/p>\n","protected":false},"excerpt":{"rendered":"<p>El Instituto Nacional de Estad\u00edstica (INE) fortaleci\u00f3 en 2023 su sistema inform\u00e1tico y estad\u00edstico para sus distintos operativos de campo, y cumpli\u00f3 con los compromisos establecidos para la gesti\u00f3n. La evaluaci\u00f3n fue hecha en la Audiencia de Rendici\u00f3n P\u00fablica de Cuentas Final 2023. Los compromisos asumidos para 2023 fueron dise\u00f1ar documentos e instrumentos operativos para [&hellip;]<\/p>\n","protected":false},"author":4,"featured_media":63837,"comment_status":"open","ping_status":"closed","sticky":false,"template":"","format":"standard","meta":{"footnotes":""},"categories":[25],"tags":[],"class_list":{"0":"post-63836","1":"post","2":"type-post","3":"status-publish","4":"format-standard","5":"has-post-thumbnail","7":"category-economia"},"_links":{"self":[{"href":"https:\/\/jms.com.bo\/mediamonitor\/wp-json\/wp\/v2\/posts\/63836","targetHints":{"allow":["GET"]}}],"collection":[{"href":"https:\/\/jms.com.bo\/mediamonitor\/wp-json\/wp\/v2\/posts"}],"about":[{"href":"https:\/\/jms.com.bo\/mediamonitor\/wp-json\/wp\/v2\/types\/post"}],"author":[{"embeddable":true,"href":"https:\/\/jms.com.bo\/mediamonitor\/wp-json\/wp\/v2\/users\/4"}],"replies":[{"embeddable":true,"href":"https:\/\/jms.com.bo\/mediamonitor\/wp-json\/wp\/v2\/comments?post=63836"}],"version-history":[{"count":0,"href":"https:\/\/jms.com.bo\/mediamonitor\/wp-json\/wp\/v2\/posts\/63836\/revisions"}],"wp:featuredmedia":[{"embeddable":true,"href":"https:\/\/jms.com.bo\/mediamonitor\/wp-json\/wp\/v2\/media\/63837"}],"wp:attachment":[{"href":"https:\/\/jms.com.bo\/mediamonitor\/wp-json\/wp\/v2\/media?parent=63836"}],"wp:term":[{"taxonomy":"category","embeddable":true,"href":"https:\/\/jms.com.bo\/mediamonitor\/wp-json\/wp\/v2\/categories?post=63836"},{"taxonomy":"post_tag","embeddable":true,"href":"https:\/\/jms.com.bo\/mediamonitor\/wp-json\/wp\/v2\/tags?post=63836"}],"curies":[{"name":"wp","href":"https:\/\/api.w.org\/{rel}","templated":true}]}}