{"id":63838,"date":"2024-02-29T07:07:35","date_gmt":"2024-02-29T11:07:35","guid":{"rendered":"https:\/\/jms.com.bo\/mediamonitor\/2024\/02\/29\/economia-y-exportadores-analizan-medidas-y-acuerdan-trabajar-nuevas-propuestas\/"},"modified":"2024-02-29T07:07:35","modified_gmt":"2024-02-29T11:07:35","slug":"economia-y-exportadores-analizan-medidas-y-acuerdan-trabajar-nuevas-propuestas","status":"publish","type":"post","link":"https:\/\/jms.com.bo\/mediamonitor\/2024\/02\/29\/economia-y-exportadores-analizan-medidas-y-acuerdan-trabajar-nuevas-propuestas\/","title":{"rendered":"Econom\u00eda y exportadores analizan medidas y acuerdan trabajar nuevas propuestas"},"content":{"rendered":"<p style=\"text-align: justify;\">Autoridades del Ministerio de Econom\u00eda se reunieron este mi\u00e9rcoles con los representantes del sector exportador del pa\u00eds para analizar las 10 medidas implementadas por el Gobierno para captar mayor cantidad de d\u00f3lares.<\/p>\n<p style=\"text-align: justify;\">El gerente general de la C\u00e1mara Nacional de Exportadores de Bolivia (Caneb), Marcelo Olgu\u00edn, sostuvo que en el encuentro con las autoridades del Viceministerio de Pol\u00edtica Tributaria se acord\u00f3 que en los siguientes encuentros se presentar\u00e1n nuevas propuestas para avanzar con los acuerdos entre el sector p\u00fablico y el privado.<\/p>\n<p style=\"text-align: justify;\">\u201cHemos tratado cuatro medidas que todav\u00eda no est\u00e1n concluidas, hemos tenido un intercambio de criterios, hemos trasladado algunas de las dudas, se ha convenido tambi\u00e9n sumarnos a comisiones t\u00e9cnicas de trabajo para ir resolviendo e ir presentando las propuestas en esos escenarios\u201d, manifest\u00f3 Olgu\u00edn al concluir el encuentro.<\/p>\n<p style=\"text-align: justify;\">Explic\u00f3 que en el encuentro se abordaron los temas de la liberaci\u00f3n de las exportaciones, que ya se entreg\u00f3 los certificados de abastecimiento interno y precio justo; la resoluci\u00f3n de la Autoridad de Supervisi\u00f3n del Sistema Financiero (Asfi) que fija la banda de cobro de comisiones por transacciones al exterior.<\/p>\n<p style=\"text-align: justify;\">Adem\u00e1s, se analiz\u00f3 el aplicar el punto 8 del acuerdo de establecer el incremento de cargas y dimensiones de camiones. \u201cNosotros tenemos estudios, tenemos propuestas de normativa, nos vamos a sumar a una comisi\u00f3n en la cual se va a tratar este tema y en los siguientes d\u00edas o semanas terminar de abordar todos los puntos del acuerdo\u201d.<\/p>\n<p style=\"text-align: justify;\">Mesas<\/p>\n<p style=\"text-align: justify;\">En tanto, el presidente de la Caneb, Danilo Velasco, manifest\u00f3 que estos encuentros permitir\u00e1n que se encuentren las soluciones para la escasez de d\u00f3lares en el pa\u00eds.<\/p>\n<p style=\"text-align: justify;\">Para el tema de la devoluci\u00f3n inmediata de los Certificados de Devoluci\u00f3n Impositiva (Cedeim), previa entrega de divisas por exportaciones, Velasco manifest\u00f3 que se estableci\u00f3 conformar una mesa t\u00e9cnica para buscar las soluciones.<\/p>\n<p style=\"text-align: justify;\">\u201cComo sector exportador lo que queremos es tener los incentivos, las condiciones para seguir trabajando, obviamente el tema de los Cedeim tiene que ser lo m\u00e1s fluido posible, tenemos que tener un flujo constante y eso nos va ayudar a tener de alguna forma liquidez y respaldo y eso nos va ayudar a atraer d\u00f3lares en el corto plazo\u201d, indic\u00f3.<\/p>\n<p style=\"text-align: justify;\">El lunes 19 de febrero, los empresarios privados de Bolivia y el Gobierno acordaron implementar 10 medidas del \u201cAcuerdo econ\u00f3mico, productivo y empresarial entre el Gobierno Nacional y el empresariado boliviano\u201d que tiene el objetivo de normalizar el escenario transitorio de escasez de d\u00f3lares.<\/p>\n<p style=\"text-align: justify;\">Adem\u00e1s, de abrir el di\u00e1logo y escenarios de concertaci\u00f3n para que se generen expectativas positivas que generen mayor producci\u00f3n e ingreso en beneficio de la poblaci\u00f3n. El sector exportador espera una nueva convocatoria para continuar con los an\u00e1lisis del acuerdo que tiene el objetivo de obtener m\u00e1s divisas para la econom\u00eda.<\/p>\n","protected":false},"excerpt":{"rendered":"<p>Autoridades del Ministerio de Econom\u00eda se reunieron este mi\u00e9rcoles con los representantes del sector exportador del pa\u00eds para analizar las 10 medidas implementadas por el Gobierno para captar mayor cantidad de d\u00f3lares. El gerente general de la C\u00e1mara Nacional de Exportadores de Bolivia (Caneb), Marcelo Olgu\u00edn, sostuvo que en el encuentro con las autoridades del [&hellip;]<\/p>\n","protected":false},"author":4,"featured_media":63839,"comment_status":"open","ping_status":"closed","sticky":false,"template":"","format":"standard","meta":{"footnotes":""},"categories":[25],"tags":[],"class_list":{"0":"post-63838","1":"post","2":"type-post","3":"status-publish","4":"format-standard","5":"has-post-thumbnail","7":"category-economia"},"_links":{"self":[{"href":"https:\/\/jms.com.bo\/mediamonitor\/wp-json\/wp\/v2\/posts\/63838","targetHints":{"allow":["GET"]}}],"collection":[{"href":"https:\/\/jms.com.bo\/mediamonitor\/wp-json\/wp\/v2\/posts"}],"about":[{"href":"https:\/\/jms.com.bo\/mediamonitor\/wp-json\/wp\/v2\/types\/post"}],"author":[{"embeddable":true,"href":"https:\/\/jms.com.bo\/mediamonitor\/wp-json\/wp\/v2\/users\/4"}],"replies":[{"embeddable":true,"href":"https:\/\/jms.com.bo\/mediamonitor\/wp-json\/wp\/v2\/comments?post=63838"}],"version-history":[{"count":0,"href":"https:\/\/jms.com.bo\/mediamonitor\/wp-json\/wp\/v2\/posts\/63838\/revisions"}],"wp:featuredmedia":[{"embeddable":true,"href":"https:\/\/jms.com.bo\/mediamonitor\/wp-json\/wp\/v2\/media\/63839"}],"wp:attachment":[{"href":"https:\/\/jms.com.bo\/mediamonitor\/wp-json\/wp\/v2\/media?parent=63838"}],"wp:term":[{"taxonomy":"category","embeddable":true,"href":"https:\/\/jms.com.bo\/mediamonitor\/wp-json\/wp\/v2\/categories?post=63838"},{"taxonomy":"post_tag","embeddable":true,"href":"https:\/\/jms.com.bo\/mediamonitor\/wp-json\/wp\/v2\/tags?post=63838"}],"curies":[{"name":"wp","href":"https:\/\/api.w.org\/{rel}","templated":true}]}}