{"id":63856,"date":"2024-03-01T06:50:50","date_gmt":"2024-03-01T10:50:50","guid":{"rendered":"https:\/\/jms.com.bo\/mediamonitor\/2024\/03\/01\/atribuyen-caso-de-sarampion-a-baja-cobertura-de-vacunacion\/"},"modified":"2024-03-01T06:50:50","modified_gmt":"2024-03-01T10:50:50","slug":"atribuyen-caso-de-sarampion-a-baja-cobertura-de-vacunacion","status":"publish","type":"post","link":"https:\/\/jms.com.bo\/mediamonitor\/2024\/03\/01\/atribuyen-caso-de-sarampion-a-baja-cobertura-de-vacunacion\/","title":{"rendered":"Atribuyen caso de sarampi\u00f3n a baja cobertura de vacunaci\u00f3n"},"content":{"rendered":"<p style=\"text-align: justify;\">Luego de la pandemia por el Covid-19, en m\u00e1s de una ocasi\u00f3n autoridades en salud han advertido de los bajos \u00edndices de cobertura de vacunaci\u00f3n en ni\u00f1os menores a 5 a\u00f1os, lo que daba lugar al resurgimiento de viejas enfermedades. No pas\u00f3 mucho tiempo y ya se ha diagnosticado el primer caso de sarampi\u00f3n, se trata de una menor de 7 a\u00f1os de edad del municipio de Bermejo. Frente a ello, desde el Programa Ampliado de Inmunizaci\u00f3n (PAI) reconocieron que en la gesti\u00f3n 2023, la cobertura en vacunaci\u00f3n alcanz\u00f3 el 62,2% en el departamento de Tarija.<\/p>\n<p style=\"text-align: justify;\">Las dosis que deben recibir los menores de 5 a\u00f1os, corresponden a vacunas contra enfermedades como la tuberculosis (Bcg), poliomielitis y sarampi\u00f3n (Srp), t\u00e9tanos, tosferina y la influenza (pentavalente), neumococo, fiebre amarilla (FA), rubeola, parotiditis y difteria.<\/p>\n<p style=\"text-align: justify;\">En el caso puntual de Bermejo, desde el PAI se\u00f1alan que en la gesti\u00f3n pasada se ha logrado una cobertura del 95%, y se ten\u00eda un 5% de margen para que puedan presentarse estas enfermedades. Y justamente se da el caso de sarampi\u00f3n.<\/p>\n<p style=\"text-align: justify;\">La responsable del PAI, Alicia Alem\u00e1n, reconoci\u00f3 que en la mayor\u00eda de los municipios de Tarija existe una baja cobertura de vacunaci\u00f3n. Mencion\u00f3 que en Cercado la cobertura es del 69%, lo que deja un 30% en posibilidades para que puedan resurgir estas patolog\u00edas.<\/p>\n<p style=\"text-align: justify;\">\u201cEstamos sumamente preocupados, si bien hemos venido trabajando desde la anterior gesti\u00f3n con el coordinador para mejorar estas coberturas, aun as\u00ed nos queda una brecha muy grande\u201d, apunt\u00f3.<\/p>\n<p style=\"text-align: justify;\">Mar\u00eda Ren\u00e9e Castro: \u201cNi\u00f1os que no tengan su carnet o que digan estar vacunados, se los vacuna igual, solamente podr\u00e1n demostrar la vacunaci\u00f3n presentando su carnet\u201d<br \/>\nEn lo que respecta la cobertura en vacunaci\u00f3n a nivel nacional, la ministra de Salud, Mar\u00eda Ren\u00e9e Castro, se\u00f1al\u00f3 que en 2023 se alcanz\u00f3 un 80%, lo que deja una brecha del 20%.<\/p>\n<p style=\"text-align: justify;\">\u201cHemos logrado alcanzar esas cifras, pero todav\u00eda nos queda esa brecha que hoy d\u00eda tenemos que cubrir, sobre todo con los ni\u00f1os reci\u00e9n nacidos y que tambi\u00e9n tienen que irse inmunizando, porque nace y tambi\u00e9n es un grupo vulnerable no vacunado y son susceptibles a contraer enfermedades inmuno prevenibles\u201d, explic\u00f3.<\/p>\n<p style=\"text-align: justify;\">Sarampi\u00f3n en Bermejo<\/p>\n<p style=\"text-align: justify;\">Respecto al caso de sarampi\u00f3n registrado en el municipio de Bermejo, la ministra Castro se\u00f1al\u00f3 que al ser una regi\u00f3n fronteriza, esto se traduce no solo en un problema departamental, sino que esto trasciende a nivel nacional, por ello es que se ha instruido una vacunaci\u00f3n indiscriminada a todos los menores de cinco a\u00f1os.<\/p>\n<p style=\"text-align: justify;\">\u201cNi\u00f1os que se busque y que no tengan su carnet o que digan estar vacunados, se los vacuna igual, solamente podr\u00e1n demostrar la vacunaci\u00f3n presentando su carnet de vacunaci\u00f3n, eso es vacunaci\u00f3n indiscriminada. Esperamos que todos nos abran las puertas, es importante que todos est\u00e9n atentos para que el personal de salud que est\u00e1 pasando por las calles, tocando sus puertas, reciban una cordial bienvenida y sobre todo le pongan el brazo para que puedan inmunizar a los peque\u00f1os\u201d, mencion\u00f3.<\/p>\n<p style=\"text-align: justify;\">En esa misma l\u00ednea, desde el Servicio Departamental de Salud (Sedes) han detallado que la menor proviene de una familia que se dedica a la actividad comercial, y que durante el mes de enero ha estado radicando en la ciudad de El Alto, en el departamento de La Paz, y a finales de ese mes retorn\u00f3 a la ciudad de Bermejo, pero que en ese traj\u00edn estuvo en contacto con varias personas de ciudades intermedias, por lo que ahora se est\u00e1 procediendo a identificar a estos pasajeros, para ejecutar una vigilancia epidemiol\u00f3gica con el objetivo de romper la cadera de transmisi\u00f3n.<\/p>\n<p style=\"text-align: justify;\">\u201cEn este traj\u00edn nosotros no sabemos qui\u00e9nes han bajado en estas ciudades intermedias, entonces es ah\u00ed en donde tenemos que buscar esa informaci\u00f3n, comenzar a indagar. Al municipio de Cercado ya se le ha recomendado que pueda apersonarse a la Terminal de Buses para ir haciendo esta indagaci\u00f3n, recoger el nombre de los pasajeros, para ir buscando a los posibles contactos de la paciente\u201d, indic\u00f3 el director del Sedes, Oscar Camacho.<\/p>\n<p style=\"text-align: justify;\">En complemento, la Ministra de Salud descart\u00f3 la posibilidad de suspender las actividades educativas en el municipio de Bermejo, enfatiz\u00f3 que son los mejores espacios en donde se puede encontrar a la poblaci\u00f3n concentrada para poder inmunizarlos.<\/p>\n<p style=\"text-align: justify;\">Destac\u00f3 que se han garantizado 4.041 dosis de vacunas de acuerdo a programaci\u00f3n, y que el Sedes tambi\u00e9n est\u00e1 alistando otro lote de vacunas, que ser\u00e1 enviado al municipio de Bermejo para fortalecer las tareas de inmunizaci\u00f3n.<\/p>\n","protected":false},"excerpt":{"rendered":"<p>Luego de la pandemia por el Covid-19, en m\u00e1s de una ocasi\u00f3n autoridades en salud han advertido de los bajos \u00edndices de cobertura de vacunaci\u00f3n en ni\u00f1os menores a 5 a\u00f1os, lo que daba lugar al resurgimiento de viejas enfermedades. No pas\u00f3 mucho tiempo y ya se ha diagnosticado el primer caso de sarampi\u00f3n, se [&hellip;]<\/p>\n","protected":false},"author":4,"featured_media":63857,"comment_status":"open","ping_status":"closed","sticky":false,"template":"","format":"standard","meta":{"footnotes":""},"categories":[53],"tags":[],"class_list":{"0":"post-63856","1":"post","2":"type-post","3":"status-publish","4":"format-standard","5":"has-post-thumbnail","7":"category-salud"},"_links":{"self":[{"href":"https:\/\/jms.com.bo\/mediamonitor\/wp-json\/wp\/v2\/posts\/63856","targetHints":{"allow":["GET"]}}],"collection":[{"href":"https:\/\/jms.com.bo\/mediamonitor\/wp-json\/wp\/v2\/posts"}],"about":[{"href":"https:\/\/jms.com.bo\/mediamonitor\/wp-json\/wp\/v2\/types\/post"}],"author":[{"embeddable":true,"href":"https:\/\/jms.com.bo\/mediamonitor\/wp-json\/wp\/v2\/users\/4"}],"replies":[{"embeddable":true,"href":"https:\/\/jms.com.bo\/mediamonitor\/wp-json\/wp\/v2\/comments?post=63856"}],"version-history":[{"count":0,"href":"https:\/\/jms.com.bo\/mediamonitor\/wp-json\/wp\/v2\/posts\/63856\/revisions"}],"wp:featuredmedia":[{"embeddable":true,"href":"https:\/\/jms.com.bo\/mediamonitor\/wp-json\/wp\/v2\/media\/63857"}],"wp:attachment":[{"href":"https:\/\/jms.com.bo\/mediamonitor\/wp-json\/wp\/v2\/media?parent=63856"}],"wp:term":[{"taxonomy":"category","embeddable":true,"href":"https:\/\/jms.com.bo\/mediamonitor\/wp-json\/wp\/v2\/categories?post=63856"},{"taxonomy":"post_tag","embeddable":true,"href":"https:\/\/jms.com.bo\/mediamonitor\/wp-json\/wp\/v2\/tags?post=63856"}],"curies":[{"name":"wp","href":"https:\/\/api.w.org\/{rel}","templated":true}]}}