{"id":63860,"date":"2024-03-01T06:58:46","date_gmt":"2024-03-01T10:58:46","guid":{"rendered":"https:\/\/jms.com.bo\/mediamonitor\/2024\/03\/01\/pelea-por-rutas-en-villa-pagador-deja-detenidos-y-10-trufis-destruidos\/"},"modified":"2024-03-01T06:58:46","modified_gmt":"2024-03-01T10:58:46","slug":"pelea-por-rutas-en-villa-pagador-deja-detenidos-y-10-trufis-destruidos","status":"publish","type":"post","link":"https:\/\/jms.com.bo\/mediamonitor\/2024\/03\/01\/pelea-por-rutas-en-villa-pagador-deja-detenidos-y-10-trufis-destruidos\/","title":{"rendered":"Pelea por rutas en Villa Pagador deja detenidos y 10 trufis destruidos"},"content":{"rendered":"<p style=\"text-align: justify;\">Al menos 10 veh\u00edculos quedaron con los vidrios destrozados y otros da\u00f1os por el enfrentamiento por rutas en Villa Sebasti\u00e1n, al sudeste de la ciudad, entre los choferes de las l\u00edneas 108 y 136.<\/p>\n<p style=\"text-align: justify;\">La disputa por rutas termin\u00f3 afectando a otras l\u00edneas de transporte como la R, P, 148 y a un conductor del radiotaxi Oruro.<\/p>\n<p style=\"text-align: justify;\">La pugna llev\u00f3 a todos los involucrados a concentrarse en las sedes de sus sindicatos y declararse en emergencia exigiendo el resarcimiento de los da\u00f1os.<\/p>\n<p style=\"text-align: justify;\">La tensi\u00f3n entre los transportistas federados y libres motiv\u00f3 el desplazamiento de un contingente policial para evitar otra confrontaci\u00f3n.<\/p>\n<p style=\"text-align: justify;\">En un recorrido por Villa Pagador, Los Tiempos constat\u00f3 que los choferes en disputa de las l\u00edneas se encontraban en alerta y mostraron los destrozos de los motorizados, pero evitaron dar declaraciones.<\/p>\n<p style=\"text-align: justify;\">Tras el enfrentamiento, el director de Movilidad Urbana de la Alcald\u00eda, Hever Rojas, inform\u00f3 que los dirigentes de los sindicatos en conflicto sostuvieron una reuni\u00f3n y mencion\u00f3 que se busca consensuar una soluci\u00f3n.<\/p>\n<p style=\"text-align: justify;\">Coment\u00f3 que una de las l\u00edneas solicit\u00f3 a trav\u00e9s de su federaci\u00f3n un desdoble de ruta para acercar a los estudiantes a la universidad y eso fue lo que deton\u00f3 el conflicto.<\/p>\n<p style=\"text-align: justify;\">Puntualiz\u00f3 que para reducir la afectaci\u00f3n a las l\u00edneas se plante\u00f3 que la l\u00ednea que pretende ingresar al centro entre por las calles Antezana y Jord\u00e1n y \u00e9se es el planteamiento que se analiza. Este viernes se tiene previsto otra reuni\u00f3n.<\/p>\n<p style=\"text-align: justify;\">Diez choferes fueron trasladados a la Felcc junto a los motorizados destrozados para la investigaci\u00f3n por los da\u00f1os ocasionados.<\/p>\n<p style=\"text-align: justify;\">Los conductores afectados piden la reparaci\u00f3n de sus motorizados y denunciaron que incluso se llevaron su renta al sustraer sus monederos. Asegura que viven del d\u00eda y ahora no podr\u00e1n salir a trabajar. La c\u00e1mara de seguridad de una casa film\u00f3 uno de los ataques y se ve a un grupo que se baja de un taxi y arremete sin m\u00e1s contra los minibuses que estaban en la parada.<\/p>\n","protected":false},"excerpt":{"rendered":"<p>Al menos 10 veh\u00edculos quedaron con los vidrios destrozados y otros da\u00f1os por el enfrentamiento por rutas en Villa Sebasti\u00e1n, al sudeste de la ciudad, entre los choferes de las l\u00edneas 108 y 136. La disputa por rutas termin\u00f3 afectando a otras l\u00edneas de transporte como la R, P, 148 y a un conductor del [&hellip;]<\/p>\n","protected":false},"author":4,"featured_media":63861,"comment_status":"open","ping_status":"closed","sticky":false,"template":"","format":"standard","meta":{"footnotes":""},"categories":[49],"tags":[],"class_list":{"0":"post-63860","1":"post","2":"type-post","3":"status-publish","4":"format-standard","5":"has-post-thumbnail","7":"category-social"},"_links":{"self":[{"href":"https:\/\/jms.com.bo\/mediamonitor\/wp-json\/wp\/v2\/posts\/63860","targetHints":{"allow":["GET"]}}],"collection":[{"href":"https:\/\/jms.com.bo\/mediamonitor\/wp-json\/wp\/v2\/posts"}],"about":[{"href":"https:\/\/jms.com.bo\/mediamonitor\/wp-json\/wp\/v2\/types\/post"}],"author":[{"embeddable":true,"href":"https:\/\/jms.com.bo\/mediamonitor\/wp-json\/wp\/v2\/users\/4"}],"replies":[{"embeddable":true,"href":"https:\/\/jms.com.bo\/mediamonitor\/wp-json\/wp\/v2\/comments?post=63860"}],"version-history":[{"count":0,"href":"https:\/\/jms.com.bo\/mediamonitor\/wp-json\/wp\/v2\/posts\/63860\/revisions"}],"wp:featuredmedia":[{"embeddable":true,"href":"https:\/\/jms.com.bo\/mediamonitor\/wp-json\/wp\/v2\/media\/63861"}],"wp:attachment":[{"href":"https:\/\/jms.com.bo\/mediamonitor\/wp-json\/wp\/v2\/media?parent=63860"}],"wp:term":[{"taxonomy":"category","embeddable":true,"href":"https:\/\/jms.com.bo\/mediamonitor\/wp-json\/wp\/v2\/categories?post=63860"},{"taxonomy":"post_tag","embeddable":true,"href":"https:\/\/jms.com.bo\/mediamonitor\/wp-json\/wp\/v2\/tags?post=63860"}],"curies":[{"name":"wp","href":"https:\/\/api.w.org\/{rel}","templated":true}]}}