{"id":63862,"date":"2024-03-01T06:59:45","date_gmt":"2024-03-01T10:59:45","guid":{"rendered":"https:\/\/jms.com.bo\/mediamonitor\/2024\/03\/01\/bloqueo-en-el-alto-y-protesta-de-campesinos-en-la-alp-suben-presion-para-tratar-los-creditos\/"},"modified":"2024-03-01T06:59:45","modified_gmt":"2024-03-01T10:59:45","slug":"bloqueo-en-el-alto-y-protesta-de-campesinos-en-la-alp-suben-presion-para-tratar-los-creditos","status":"publish","type":"post","link":"https:\/\/jms.com.bo\/mediamonitor\/2024\/03\/01\/bloqueo-en-el-alto-y-protesta-de-campesinos-en-la-alp-suben-presion-para-tratar-los-creditos\/","title":{"rendered":"Bloqueo en El Alto y protesta de campesinos en la ALP suben presi\u00f3n para tratar los cr\u00e9ditos"},"content":{"rendered":"<p style=\"text-align: justify;\">La presi\u00f3n contra la C\u00e1mara de Diputados aumenta. Vecinos del Distrito 8 de la ciudad de El Alto iniciaron este jueves el bloqueo de la zona de Senkata, para exigir a la C\u00e1mara de Diputados que apruebe un cr\u00e9dito para la ampliaci\u00f3n de la carretera hacia el sector de Apacheta.<\/p>\n<p style=\"text-align: justify;\">Adem\u00e1s, un grupo de campesinos de Yapacan\u00ed instal\u00f3 una vigilia en el piso 18 de la Asamblea Legislativa Plurinacional (ALP) para exigir que se apruebe otro cr\u00e9dito para el proyecto de pavimento Faja Norte.<\/p>\n<p style=\"text-align: justify;\">Los dos cr\u00e9ditos son parte del paquete de nueve leyes que est\u00e1n estancados en la C\u00e1mara de Diputados por la disputa entre arcistas, evistas y oposici\u00f3n, que no se ponen de acuerdo ni para tratar el orden del d\u00eda. La sesi\u00f3n comenz\u00f3 el martes y se mantiene en cuarto intermedio.<\/p>\n<p style=\"text-align: justify;\">El presidente de la C\u00e1mara de Diputados, Israel Huaytari, inform\u00f3 que no se reinstalar\u00e1 la sesi\u00f3n mientras los legisladores de oposici\u00f3n mantengan tomada la testera.<\/p>\n<p style=\"text-align: justify;\">Desde Comunidad Ciudadana (CC) se inform\u00f3 que no levantar\u00e1n su vigilia en tanto no se garantice que, primero, se traten los dos proyectos de ley que anulan la pr\u00f3rroga de magistrados y despu\u00e9s se aprobar\u00e1n los cr\u00e9ditos internacionales.<\/p>\n","protected":false},"excerpt":{"rendered":"<p>La presi\u00f3n contra la C\u00e1mara de Diputados aumenta. Vecinos del Distrito 8 de la ciudad de El Alto iniciaron este jueves el bloqueo de la zona de Senkata, para exigir a la C\u00e1mara de Diputados que apruebe un cr\u00e9dito para la ampliaci\u00f3n de la carretera hacia el sector de Apacheta. Adem\u00e1s, un grupo de campesinos [&hellip;]<\/p>\n","protected":false},"author":4,"featured_media":63863,"comment_status":"open","ping_status":"closed","sticky":false,"template":"","format":"standard","meta":{"footnotes":""},"categories":[49],"tags":[],"class_list":{"0":"post-63862","1":"post","2":"type-post","3":"status-publish","4":"format-standard","5":"has-post-thumbnail","7":"category-social"},"_links":{"self":[{"href":"https:\/\/jms.com.bo\/mediamonitor\/wp-json\/wp\/v2\/posts\/63862","targetHints":{"allow":["GET"]}}],"collection":[{"href":"https:\/\/jms.com.bo\/mediamonitor\/wp-json\/wp\/v2\/posts"}],"about":[{"href":"https:\/\/jms.com.bo\/mediamonitor\/wp-json\/wp\/v2\/types\/post"}],"author":[{"embeddable":true,"href":"https:\/\/jms.com.bo\/mediamonitor\/wp-json\/wp\/v2\/users\/4"}],"replies":[{"embeddable":true,"href":"https:\/\/jms.com.bo\/mediamonitor\/wp-json\/wp\/v2\/comments?post=63862"}],"version-history":[{"count":0,"href":"https:\/\/jms.com.bo\/mediamonitor\/wp-json\/wp\/v2\/posts\/63862\/revisions"}],"wp:featuredmedia":[{"embeddable":true,"href":"https:\/\/jms.com.bo\/mediamonitor\/wp-json\/wp\/v2\/media\/63863"}],"wp:attachment":[{"href":"https:\/\/jms.com.bo\/mediamonitor\/wp-json\/wp\/v2\/media?parent=63862"}],"wp:term":[{"taxonomy":"category","embeddable":true,"href":"https:\/\/jms.com.bo\/mediamonitor\/wp-json\/wp\/v2\/categories?post=63862"},{"taxonomy":"post_tag","embeddable":true,"href":"https:\/\/jms.com.bo\/mediamonitor\/wp-json\/wp\/v2\/tags?post=63862"}],"curies":[{"name":"wp","href":"https:\/\/api.w.org\/{rel}","templated":true}]}}