{"id":63864,"date":"2024-03-01T07:00:54","date_gmt":"2024-03-01T11:00:54","guid":{"rendered":"https:\/\/jms.com.bo\/mediamonitor\/2024\/03\/01\/trabajadores-y-proveedores-en-paro-por-impagos-de-pil-chuquisaca\/"},"modified":"2024-03-01T07:00:54","modified_gmt":"2024-03-01T11:00:54","slug":"trabajadores-y-proveedores-en-paro-por-impagos-de-pil-chuquisaca","status":"publish","type":"post","link":"https:\/\/jms.com.bo\/mediamonitor\/2024\/03\/01\/trabajadores-y-proveedores-en-paro-por-impagos-de-pil-chuquisaca\/","title":{"rendered":"Trabajadores y proveedores en paro por impagos de PIL Chuquisaca"},"content":{"rendered":"<p style=\"text-align: justify;\">PIL Chuquisaca no paga a sus trabajadores desde hace seis meses y tampoco a sus proveedores, a quienes incluso dej\u00f3 de comprarles, seg\u00fan denunciaron los afectados.<\/p>\n<p style=\"text-align: justify;\">\u201cLa problem\u00e1tica ha estado avanzando a pasos agigantados: de lo que nos deb\u00edan dos meses de salarios, ahora son seis\u201d, dijo a CORREO DEL SUR el secretario General del Sindicato PIL Chuquisaca, Sandro Calvimontes.<\/p>\n<p style=\"text-align: justify;\">El dirigente anunci\u00f3 que el paro es indefinido y solo lo levantar\u00e1n hasta que les paguen sus sueldos devengados a los 25 trabajadores sindicalizados.<\/p>\n<p style=\"text-align: justify;\">PROVEEDORES<\/p>\n<p style=\"text-align: justify;\">A la medida de presi\u00f3n se sumaron tres miembros de la Asociaci\u00f3n de Peque\u00f1os Productores de Leche (Adeplech), que es la proveedora de la principal materia prima de PIL Chuquisaca.<\/p>\n<p style=\"text-align: justify;\">Martha Guaguatinta, Viviana Se\u00f1a y Saturnina Gonz\u00e1les llegaron hasta la planta industrial para reclamar las deudas que se arrastran desde el a\u00f1o 2014.<\/p>\n<p style=\"text-align: justify;\">\u201cA una persona nom\u00e1s del m\u00f3dulo Cortijo (en Yotala) se debe Bs 35.000 y ahorita \u00bfcon qu\u00e9 est\u00e1 viviendo? (&#8230;), es mayorcito; no tienen coraz\u00f3n\u201d, lament\u00f3 Guaguatinta.<\/p>\n<p style=\"text-align: justify;\">\u201cNos sentimos muy apenados por (culpa de) este se\u00f1or (el Gerente) que no da la cara, cada vez nos dice tal hora o tal d\u00eda, pero nunca cumple\u201d, dijo, a su vez, Gonz\u00e1les.<\/p>\n<p style=\"text-align: justify;\">El gerente de PIL Chuquisaca, Ger\u00f3nimo D\u00edaz, se comunic\u00f3 con los trabajadores y les pidi\u00f3 \u201cun comp\u00e1s de espera\u201d, lo cual fue rechazado dado los antecedentes.<\/p>\n<p style=\"text-align: justify;\">Este diario intent\u00f3 comunicarse con D\u00edaz, sin \u00e9xito.<\/p>\n<p style=\"text-align: justify;\">\n","protected":false},"excerpt":{"rendered":"<p>PIL Chuquisaca no paga a sus trabajadores desde hace seis meses y tampoco a sus proveedores, a quienes incluso dej\u00f3 de comprarles, seg\u00fan denunciaron los afectados. \u201cLa problem\u00e1tica ha estado avanzando a pasos agigantados: de lo que nos deb\u00edan dos meses de salarios, ahora son seis\u201d, dijo a CORREO DEL SUR el secretario General del [&hellip;]<\/p>\n","protected":false},"author":4,"featured_media":63865,"comment_status":"open","ping_status":"closed","sticky":false,"template":"","format":"standard","meta":{"footnotes":""},"categories":[49],"tags":[],"class_list":{"0":"post-63864","1":"post","2":"type-post","3":"status-publish","4":"format-standard","5":"has-post-thumbnail","7":"category-social"},"_links":{"self":[{"href":"https:\/\/jms.com.bo\/mediamonitor\/wp-json\/wp\/v2\/posts\/63864","targetHints":{"allow":["GET"]}}],"collection":[{"href":"https:\/\/jms.com.bo\/mediamonitor\/wp-json\/wp\/v2\/posts"}],"about":[{"href":"https:\/\/jms.com.bo\/mediamonitor\/wp-json\/wp\/v2\/types\/post"}],"author":[{"embeddable":true,"href":"https:\/\/jms.com.bo\/mediamonitor\/wp-json\/wp\/v2\/users\/4"}],"replies":[{"embeddable":true,"href":"https:\/\/jms.com.bo\/mediamonitor\/wp-json\/wp\/v2\/comments?post=63864"}],"version-history":[{"count":0,"href":"https:\/\/jms.com.bo\/mediamonitor\/wp-json\/wp\/v2\/posts\/63864\/revisions"}],"wp:featuredmedia":[{"embeddable":true,"href":"https:\/\/jms.com.bo\/mediamonitor\/wp-json\/wp\/v2\/media\/63865"}],"wp:attachment":[{"href":"https:\/\/jms.com.bo\/mediamonitor\/wp-json\/wp\/v2\/media?parent=63864"}],"wp:term":[{"taxonomy":"category","embeddable":true,"href":"https:\/\/jms.com.bo\/mediamonitor\/wp-json\/wp\/v2\/categories?post=63864"},{"taxonomy":"post_tag","embeddable":true,"href":"https:\/\/jms.com.bo\/mediamonitor\/wp-json\/wp\/v2\/tags?post=63864"}],"curies":[{"name":"wp","href":"https:\/\/api.w.org\/{rel}","templated":true}]}}