{"id":63868,"date":"2024-03-01T07:03:33","date_gmt":"2024-03-01T11:03:33","guid":{"rendered":"https:\/\/jms.com.bo\/mediamonitor\/2024\/03\/01\/el-ine-supera-el-100-de-voluntarios-para-el-censo-aunque-aun-faltan-36-000-para-el-eje\/"},"modified":"2024-03-01T07:03:33","modified_gmt":"2024-03-01T11:03:33","slug":"el-ine-supera-el-100-de-voluntarios-para-el-censo-aunque-aun-faltan-36-000-para-el-eje","status":"publish","type":"post","link":"https:\/\/jms.com.bo\/mediamonitor\/2024\/03\/01\/el-ine-supera-el-100-de-voluntarios-para-el-censo-aunque-aun-faltan-36-000-para-el-eje\/","title":{"rendered":"El INE supera el 100% de voluntarios para el Censo, aunque a\u00fan faltan 36.000 para el eje"},"content":{"rendered":"<p style=\"text-align: justify;\">El director del Instituto Nacional de Estad\u00edstica (INE), Humberto Arandia, inform\u00f3 que, al mediod\u00eda de este jueves, se super\u00f3 el 100% de voluntarios para la realizaci\u00f3n del Censo de Poblaci\u00f3n y Vivienda fijada para el s\u00e1bado 23 de marzo.<\/p>\n<p style=\"text-align: justify;\">No obstante, indic\u00f3 que a\u00fan faltan 36.000 censistas, principalmente en los departamentos del eje del pa\u00eds, Santa Cruz, Cochabamba y La Paz. En los departamentos de Pando, Chuquisaca y Tarija ya se tiene el 100% de voluntarios.<\/p>\n<p style=\"text-align: justify;\">\u201cNos es grato anunciar que el d\u00eda de hoy (jueves), a mediod\u00eda, hemos llegado a un total de 744.383 voluntarios censistas registrados a nivel nacional que representa algo m\u00e1s del 110% de la meta que hab\u00edamos planteado\u201d, inform\u00f3 Arandia.<\/p>\n<p style=\"text-align: justify;\">Realizando un trabajo minucioso por departamentos y ciudades capitales, el titular del INE indic\u00f3 que a\u00fan faltan voluntarios por lo que espera que en los siguientes d\u00edas se pueda registrar m\u00e1s personas para realizar este proceso.<\/p>\n<p style=\"text-align: justify;\">\u201cEstamos haciendo un trabajo muy a detalle, necesitamos todav\u00eda complementar con casi 36.000 voluntarios a nivel nacional. De esos 36.000 voluntarios, 23.000 corresponden todav\u00eda al \u00e1rea metropolitana de la ciudad de Santa Cruz, siendo que al municipio de Santa Cruz de la Sierra hacen falta 20.155 voluntarios\u201d, explic\u00f3.<\/p>\n<p style=\"text-align: justify;\">La mayor cantidad de censistas faltantes est\u00e1n concentrados en el primer y segundo anillo, adem\u00e1s del tercer y cuarto anillo en la parte norte. Tambi\u00e9n en los condominios cercanos al Aeropuerto Internacional Viru Viru, sostuvo Arandia.<\/p>\n<p style=\"text-align: justify;\">En lo que se refiere al departamento de Cochabamba faltan aproximadamente 6.000 voluntarios y en el departamento de La Paz aproximadamente 3.000 censistas, complement\u00f3 el director del INE.<\/p>\n<p style=\"text-align: justify;\">Declaraciones<\/p>\n<p style=\"text-align: justify;\">Respecto a las declaraciones del expresidente Evo Morales sobre la falta de voluntarios para el Censo, Arandia respondi\u00f3 que contrariamente a ese criterio, el INE ya super\u00f3 la meta prevista, lo que garantiza el Censo de Poblaci\u00f3n.<\/p>\n<p style=\"text-align: justify;\">\u201cAnte aseveraciones pol\u00edticas realizadas por el expresidente Evo Morales (que) indicaba que no tenemos voluntarios a nivel nacional, m\u00e1s por el contrario estamos en este momento registrando un exceso a nivel nacional que nos permitir\u00eda log\u00edsticamente ya en este momento poder llevar adelante el censo de poblaci\u00f3n y vivienda\u201d, enfatiz\u00f3.<\/p>\n<p style=\"text-align: justify;\">Adem\u00e1s, afirm\u00f3 que, a diferencia del Censo realizado en 2012 y el que se efectuar\u00e1 el 23 de marzo de este a\u00f1o, existe un avance significativo porque se efectu\u00f3 la actualizaci\u00f3n cartogr\u00e1fica lo que permite una mayor precisi\u00f3n de datos de las viviendas.<\/p>\n<p style=\"text-align: justify;\">Otra diferencia es la cantidad de voluntarios que se tienen para este proceso del 23 de marzo respecto al n\u00famero de personas que se movilizaron en 2012 cuando Morales fung\u00eda como mandatario.<\/p>\n<p style=\"text-align: justify;\">\u201cEn el censo 2012 que se realiz\u00f3 bajo el mandato del se\u00f1or Evo morales Ayma tan solo se lleg\u00f3 a reclutar 272.000 personas, a la fecha tenemos un 176% m\u00e1s de voluntarios lo que representa realmente que este censo est\u00e1 siendo bien realizado\u201d, argument\u00f3.<\/p>\n","protected":false},"excerpt":{"rendered":"<p>El director del Instituto Nacional de Estad\u00edstica (INE), Humberto Arandia, inform\u00f3 que, al mediod\u00eda de este jueves, se super\u00f3 el 100% de voluntarios para la realizaci\u00f3n del Censo de Poblaci\u00f3n y Vivienda fijada para el s\u00e1bado 23 de marzo. No obstante, indic\u00f3 que a\u00fan faltan 36.000 censistas, principalmente en los departamentos del eje del pa\u00eds, [&hellip;]<\/p>\n","protected":false},"author":4,"featured_media":63869,"comment_status":"open","ping_status":"closed","sticky":false,"template":"","format":"standard","meta":{"footnotes":""},"categories":[20],"tags":[],"class_list":{"0":"post-63868","1":"post","2":"type-post","3":"status-publish","4":"format-standard","5":"has-post-thumbnail","7":"category-actualidad"},"_links":{"self":[{"href":"https:\/\/jms.com.bo\/mediamonitor\/wp-json\/wp\/v2\/posts\/63868","targetHints":{"allow":["GET"]}}],"collection":[{"href":"https:\/\/jms.com.bo\/mediamonitor\/wp-json\/wp\/v2\/posts"}],"about":[{"href":"https:\/\/jms.com.bo\/mediamonitor\/wp-json\/wp\/v2\/types\/post"}],"author":[{"embeddable":true,"href":"https:\/\/jms.com.bo\/mediamonitor\/wp-json\/wp\/v2\/users\/4"}],"replies":[{"embeddable":true,"href":"https:\/\/jms.com.bo\/mediamonitor\/wp-json\/wp\/v2\/comments?post=63868"}],"version-history":[{"count":0,"href":"https:\/\/jms.com.bo\/mediamonitor\/wp-json\/wp\/v2\/posts\/63868\/revisions"}],"wp:featuredmedia":[{"embeddable":true,"href":"https:\/\/jms.com.bo\/mediamonitor\/wp-json\/wp\/v2\/media\/63869"}],"wp:attachment":[{"href":"https:\/\/jms.com.bo\/mediamonitor\/wp-json\/wp\/v2\/media?parent=63868"}],"wp:term":[{"taxonomy":"category","embeddable":true,"href":"https:\/\/jms.com.bo\/mediamonitor\/wp-json\/wp\/v2\/categories?post=63868"},{"taxonomy":"post_tag","embeddable":true,"href":"https:\/\/jms.com.bo\/mediamonitor\/wp-json\/wp\/v2\/tags?post=63868"}],"curies":[{"name":"wp","href":"https:\/\/api.w.org\/{rel}","templated":true}]}}