{"id":63870,"date":"2024-03-01T07:05:01","date_gmt":"2024-03-01T11:05:01","guid":{"rendered":"https:\/\/jms.com.bo\/mediamonitor\/2024\/03\/01\/lluvias-afectan-2-000-hectareas-de-soya-en-san-pedro-en-los-valles-crucenos-el-dano-es-minimo\/"},"modified":"2024-03-01T07:05:01","modified_gmt":"2024-03-01T11:05:01","slug":"lluvias-afectan-2-000-hectareas-de-soya-en-san-pedro-en-los-valles-crucenos-el-dano-es-minimo","status":"publish","type":"post","link":"https:\/\/jms.com.bo\/mediamonitor\/2024\/03\/01\/lluvias-afectan-2-000-hectareas-de-soya-en-san-pedro-en-los-valles-crucenos-el-dano-es-minimo\/","title":{"rendered":"Lluvias afectan 2.000 hect\u00e1reas de soya en San Pedro; en los Valles cruce\u00f1os el da\u00f1o es m\u00ednimo"},"content":{"rendered":"<p style=\"text-align: justify;\">A diferencia de otras regiones del pa\u00eds, las lluvias dejaron una afectaci\u00f3n m\u00ednima en la producci\u00f3n agr\u00edcola en Santa Cruz. En las zonas productoras del Norte Integrado y en los Valles, los reportes oficiales dan cuenta que solo se afectaron 2.800 hect\u00e1reas, no obstante, las autoridades de estos lugares solicitaron mayor presencia de entidades estatales para prevenir posibles rebalses.<\/p>\n<p style=\"text-align: justify;\">A escala nacional las lluvias afectan a varias regiones del pa\u00eds. En especial en la Amazonia de Pando, donde se han registrado crecidas de r\u00edos a niveles hist\u00f3ricos. Hasta el momento Defensa Civil report\u00f3 que en todo el pa\u00eds hay 317 municipios afectados las precipitaciones fluviales.<\/p>\n<p style=\"text-align: justify;\">En este contexto, Ramiro Escalante, alcalde del municipio de San Pedro, inform\u00f3 que, hasta el momento, 2.000 hect\u00e1reas de soya se vieron afectadas por una crecida extraordinaria del r\u00edo Pira\u00ed, que lleg\u00f3 hasta la comunidad de Sagrado Coraz\u00f3n, Cuatro Ojos, Murillo y Litoral.<\/p>\n<p style=\"text-align: justify;\">\u201cTodos los dem\u00e1s distritos est\u00e1n bien nom\u00e1s porque fue una extraordinaria crecida del r\u00edo, pero las aguas bajaron r\u00e1pido, eso es lo que nos ha favorecido mucho\u201d, dijo.<\/p>\n<p style=\"text-align: justify;\">La autoridad explic\u00f3 que, en todo este municipio se siembran 350.000 hect\u00e1reas de granos, por lo que la afectaci\u00f3n m\u00ednima.<\/p>\n<p style=\"text-align: justify;\">Eso s\u00ed, hizo un llamado a las autoridades nacionales y al Servicio de Encauzamiento de Aguas y Regularizaci\u00f3n del R\u00edo Pira\u00ed (Searpi) para visitar y ayudar en lo trabajo de mantenimiento de diques y defensivos.<\/p>\n<p style=\"text-align: justify;\">\u201cEstamos preocupados, queremos que el Gobierno nacional pueda venir, y el Searpi tambi\u00e9n para hacer monitoreo de las afectaciones de los puntos cr\u00edticos del r\u00edo, as\u00ed de esa manera pueden evaluar y ejecutar otros proyectos en la contenci\u00f3n de diques, porque nosotros, como municipio, estamos trabajando en los meandros que se han abierto en la contenci\u00f3n de diques\u201d, dijo.<\/p>\n<p style=\"text-align: justify;\">La diputada Deysi Choque inform\u00f3 que el Ministerio de Defensa envi\u00f3 representantes para verificar la situaci\u00f3n y que estos no reportaron casos graves, sino afectaciones a cultivos cercanos al r\u00edo. Tambi\u00e9n se comunicaron con el Searpi para realizar evaluaciones y tomar medidas no solo para el presente, sino tambi\u00e9n para el futuro, identificando debilidades en lugares vulnerables.<\/p>\n<p style=\"text-align: justify;\">\u201cHasta el momento, no se tiene un reporte de afectaciones a comunidades o viviendas, aunque se reconoce la afectaci\u00f3n al sector productivo, especialmente en la zona de Sagrado Coraz\u00f3n y Hardeman, aunque la magnitud es menor comparada con a\u00f1os anteriores\u201d, explic\u00f3.<\/p>\n<p style=\"text-align: justify;\">Valles<\/p>\n<p style=\"text-align: justify;\">Nu\u00e9 Mor\u00f3n, presidente de la Asociaci\u00f3n de Fruticultores y Horticultores de Santa Cruz (Asofruth) inform\u00f3 que la lluvia fue intensa en la zona de Quirusillas, abarcando desde el r\u00edo de Mairana hasta la zona de Piedra Mesa.<\/p>\n<p style=\"text-align: justify;\">\u201cLamentablemente, cultivos de ma\u00edces y frejoles fueron las principales v\u00edctimas de esta precipitaci\u00f3n, con informes del alcalde que estiman una afectaci\u00f3n de al menos 800 hect\u00e1reas\u201d, explic\u00f3.<\/p>\n<p style=\"text-align: justify;\">La magnitud del impacto no solo se refleja en las p\u00e9rdidas de cultivos, sino tambi\u00e9n en la infraestructura local, dijo el dirigente.<\/p>\n<p style=\"text-align: justify;\">\u201cLos caminos han quedado destrozados y, entre Quirusillas y la Buena Militar, la fuerza del agua ha arrastrado ca\u00f1er\u00edas y mangueras, causando estragos en la regi\u00f3n\u201d, dijo.<\/p>\n<p style=\"text-align: justify;\">En contraste, Mor\u00f3n destac\u00f3 que, en la zona de Los Negros, donde se produce m\u00e1s hortaliza, la lluvia fue moderada, sin que se emitiera ning\u00fan aviso. En otros municipios, la afectaci\u00f3n fue m\u00ednima, y la producci\u00f3n se mantuvo relativamente estable.<\/p>\n","protected":false},"excerpt":{"rendered":"<p>A diferencia de otras regiones del pa\u00eds, las lluvias dejaron una afectaci\u00f3n m\u00ednima en la producci\u00f3n agr\u00edcola en Santa Cruz. En las zonas productoras del Norte Integrado y en los Valles, los reportes oficiales dan cuenta que solo se afectaron 2.800 hect\u00e1reas, no obstante, las autoridades de estos lugares solicitaron mayor presencia de entidades estatales [&hellip;]<\/p>\n","protected":false},"author":4,"featured_media":63871,"comment_status":"open","ping_status":"closed","sticky":false,"template":"","format":"standard","meta":{"footnotes":""},"categories":[20,47,48],"tags":[],"class_list":{"0":"post-63870","1":"post","2":"type-post","3":"status-publish","4":"format-standard","5":"has-post-thumbnail","7":"category-actualidad","8":"category-portada-actualidad","9":"category-portada-general-sitio"},"_links":{"self":[{"href":"https:\/\/jms.com.bo\/mediamonitor\/wp-json\/wp\/v2\/posts\/63870","targetHints":{"allow":["GET"]}}],"collection":[{"href":"https:\/\/jms.com.bo\/mediamonitor\/wp-json\/wp\/v2\/posts"}],"about":[{"href":"https:\/\/jms.com.bo\/mediamonitor\/wp-json\/wp\/v2\/types\/post"}],"author":[{"embeddable":true,"href":"https:\/\/jms.com.bo\/mediamonitor\/wp-json\/wp\/v2\/users\/4"}],"replies":[{"embeddable":true,"href":"https:\/\/jms.com.bo\/mediamonitor\/wp-json\/wp\/v2\/comments?post=63870"}],"version-history":[{"count":0,"href":"https:\/\/jms.com.bo\/mediamonitor\/wp-json\/wp\/v2\/posts\/63870\/revisions"}],"wp:featuredmedia":[{"embeddable":true,"href":"https:\/\/jms.com.bo\/mediamonitor\/wp-json\/wp\/v2\/media\/63871"}],"wp:attachment":[{"href":"https:\/\/jms.com.bo\/mediamonitor\/wp-json\/wp\/v2\/media?parent=63870"}],"wp:term":[{"taxonomy":"category","embeddable":true,"href":"https:\/\/jms.com.bo\/mediamonitor\/wp-json\/wp\/v2\/categories?post=63870"},{"taxonomy":"post_tag","embeddable":true,"href":"https:\/\/jms.com.bo\/mediamonitor\/wp-json\/wp\/v2\/tags?post=63870"}],"curies":[{"name":"wp","href":"https:\/\/api.w.org\/{rel}","templated":true}]}}