{"id":63872,"date":"2024-03-01T07:06:07","date_gmt":"2024-03-01T11:06:07","guid":{"rendered":"https:\/\/jms.com.bo\/mediamonitor\/2024\/03\/01\/diputados-rechazan-proyecto-de-credito-para-respuesta-al-covid-19-y-sera-tratado-a-fin-de-ano\/"},"modified":"2024-03-01T07:06:07","modified_gmt":"2024-03-01T11:06:07","slug":"diputados-rechazan-proyecto-de-credito-para-respuesta-al-covid-19-y-sera-tratado-a-fin-de-ano","status":"publish","type":"post","link":"https:\/\/jms.com.bo\/mediamonitor\/2024\/03\/01\/diputados-rechazan-proyecto-de-credito-para-respuesta-al-covid-19-y-sera-tratado-a-fin-de-ano\/","title":{"rendered":"Diputados rechazan proyecto de cr\u00e9dito para respuesta al Covid-19 y ser\u00e1 tratado a fin de a\u00f1o"},"content":{"rendered":"<p style=\"text-align: justify;\">Luego de reinstalarse la sesi\u00f3n en la C\u00e1mara de Diputados, tras m\u00e1s de 48 horas de cuarto intermedio, su presidente, Israel Huaytari, resguardado por asamble\u00edstas arcistas, reanud\u00f3 el tratamiento del convenio de pr\u00e9stamo para el Programa Apoyo de Emergencia para Respuesta al Covid-19, sin embargo, en la votaci\u00f3n fue rechazado y se mand\u00f3 a archivarlo hasta fin de a\u00f1o.<\/p>\n<p style=\"text-align: justify;\">\u201cInformamos a todo el pueblo boliviano, que nos encontramos en el hemiciclo parlamentario, donde el se\u00f1or Israel Huaytari ha decidido seguir imponiendo el r\u00e9gimen dictatorial, autoritario de Luis Arce. Para buena suerte de la poblaci\u00f3n, debemos manifestar que sometieron su proyecto de ley trucho a una votaci\u00f3n, su proyecto de ley de cr\u00e9dito a una falsa votaci\u00f3n y no les alcanza los votos, por eso est\u00e1n desesperados, porque no tienen los n\u00fameros y pretenden llevar las cosas a golpes, a patadas y con imposiciones\u201d, inform\u00f3 la diputada de Comunidad Ciudadana (CC), Luisa Nayar, a trav\u00e9s de un video subido a su cuenta X.<\/p>\n<p style=\"text-align: justify;\">De acuerdo con la explicaci\u00f3n de Nayar, el proyecto rechazado es de Ley No 156\/2023-2024 que aprueba el convenio de pr\u00e9stamo No. BV-C3 para el Programa \u2018Apoyo de emergencia para respuesta a Covid-19\u2019, suscrito el 30 de marzo de 2023, entre el Estado Plurinacional de Bolivia y la Agencia de Cooperaci\u00f3n Internacional de Jap\u00f3n \u2013 JICA. Este cr\u00e9dito equivale a aproximadamente 100 millones de d\u00f3lares.<\/p>\n<p style=\"text-align: justify;\">Oscar Balderas, tambi\u00e9n diputado de CC y citado por El Deber, explic\u00f3 que luego de que la C\u00e1mara de Diputados rechaz\u00f3 el proyecto, el documento ser\u00e1 archivado y podr\u00e1 ser tratado reci\u00e9n en la pr\u00f3xima legislatura, es decir a finales de 2024.<\/p>\n<p style=\"text-align: justify;\">En medio de incidentes, empujones, gritos y agresiones entre legisladoras arcistas y la oposici\u00f3n fue reinstalada la tarde del jueves la sesi\u00f3n en la C\u00e1mara de Diputados y para evitar que la oposici\u00f3n vuelva a tomar la testera o que Huaytari no pueda dirigir el tratamiento de los proyectos, una cadena humana de asamble\u00edstas arcistas lo resguard\u00f3.<\/p>\n<p style=\"text-align: justify;\">Luego de que se rechaz\u00f3 el proyecto crediticio, los diputados tomaron la palabra y la mayor\u00eda calific\u00f3 al presidente de la C\u00e1mara de Diputados de \u201cdictador\u201d.<\/p>\n","protected":false},"excerpt":{"rendered":"<p>Luego de reinstalarse la sesi\u00f3n en la C\u00e1mara de Diputados, tras m\u00e1s de 48 horas de cuarto intermedio, su presidente, Israel Huaytari, resguardado por asamble\u00edstas arcistas, reanud\u00f3 el tratamiento del convenio de pr\u00e9stamo para el Programa Apoyo de Emergencia para Respuesta al Covid-19, sin embargo, en la votaci\u00f3n fue rechazado y se mand\u00f3 a archivarlo [&hellip;]<\/p>\n","protected":false},"author":4,"featured_media":63873,"comment_status":"open","ping_status":"closed","sticky":false,"template":"","format":"standard","meta":{"footnotes":""},"categories":[18],"tags":[],"class_list":{"0":"post-63872","1":"post","2":"type-post","3":"status-publish","4":"format-standard","5":"has-post-thumbnail","7":"category-politica"},"_links":{"self":[{"href":"https:\/\/jms.com.bo\/mediamonitor\/wp-json\/wp\/v2\/posts\/63872","targetHints":{"allow":["GET"]}}],"collection":[{"href":"https:\/\/jms.com.bo\/mediamonitor\/wp-json\/wp\/v2\/posts"}],"about":[{"href":"https:\/\/jms.com.bo\/mediamonitor\/wp-json\/wp\/v2\/types\/post"}],"author":[{"embeddable":true,"href":"https:\/\/jms.com.bo\/mediamonitor\/wp-json\/wp\/v2\/users\/4"}],"replies":[{"embeddable":true,"href":"https:\/\/jms.com.bo\/mediamonitor\/wp-json\/wp\/v2\/comments?post=63872"}],"version-history":[{"count":0,"href":"https:\/\/jms.com.bo\/mediamonitor\/wp-json\/wp\/v2\/posts\/63872\/revisions"}],"wp:featuredmedia":[{"embeddable":true,"href":"https:\/\/jms.com.bo\/mediamonitor\/wp-json\/wp\/v2\/media\/63873"}],"wp:attachment":[{"href":"https:\/\/jms.com.bo\/mediamonitor\/wp-json\/wp\/v2\/media?parent=63872"}],"wp:term":[{"taxonomy":"category","embeddable":true,"href":"https:\/\/jms.com.bo\/mediamonitor\/wp-json\/wp\/v2\/categories?post=63872"},{"taxonomy":"post_tag","embeddable":true,"href":"https:\/\/jms.com.bo\/mediamonitor\/wp-json\/wp\/v2\/tags?post=63872"}],"curies":[{"name":"wp","href":"https:\/\/api.w.org\/{rel}","templated":true}]}}