{"id":63874,"date":"2024-03-01T07:07:25","date_gmt":"2024-03-01T11:07:25","guid":{"rendered":"https:\/\/jms.com.bo\/mediamonitor\/2024\/03\/01\/escandalo-en-la-camara-baja-golpes-y-forcejeos-por-la-testera-al-reinstalarse-sesion\/"},"modified":"2024-03-01T07:07:25","modified_gmt":"2024-03-01T11:07:25","slug":"escandalo-en-la-camara-baja-golpes-y-forcejeos-por-la-testera-al-reinstalarse-sesion","status":"publish","type":"post","link":"https:\/\/jms.com.bo\/mediamonitor\/2024\/03\/01\/escandalo-en-la-camara-baja-golpes-y-forcejeos-por-la-testera-al-reinstalarse-sesion\/","title":{"rendered":"Esc\u00e1ndalo en la C\u00e1mara Baja: golpes y forcejeos por la testera al reinstalarse sesi\u00f3n"},"content":{"rendered":"<p style=\"text-align: justify;\">Luego de m\u00e1s de 36 horas de cuarto intermedio, la sesi\u00f3n 59 de la C\u00e1mara de Diputados se reinstal\u00f3 a las 18.30 de este jueves, en medio de trifulcas por tomar la testera. Sin embargo, eso provoc\u00f3 un nuevo esc\u00e1ndalo, pues llovieron golpes entre varones y mujeres.<\/p>\n<p style=\"text-align: justify;\">La directiva, a la cabeza del presidente Israel Huaytari (MAS), se \u201cadue\u00f1\u00f3\u201d de un sector de la testera y el otro continuaba tomado por diputadas de la oposici\u00f3n.<\/p>\n<p style=\"text-align: justify;\">La sesi\u00f3n, declarada en cuarto intermedio el martes, fue reinstalada y cuando se le\u00edan los proyectos de ley para cr\u00e9ditos se inici\u00f3 el esc\u00e1ndalo.<\/p>\n<p style=\"text-align: justify;\">Diputadas de Comunidad Ciudadana (CC) y Creemos intentaban retomar la testera y entre gritos y golpes se enfrentaron con sus colegas del Movimiento Al Socialismo (MAS), del ala arcista. Los varones no se quedaron atr\u00e1s y se agarraron a pu\u00f1etes y patadas.<\/p>\n<p style=\"text-align: justify;\">La diputada Juana Mamani Rivera (MAS), del ala evista, logr\u00f3 subir hasta la testera donde estaba Huaytari y se sent\u00f3 en el escritorio, doblando los micr\u00f3fonos para frenar la sesi\u00f3n.<\/p>\n<p style=\"text-align: justify;\">Mientras tanto, el presidente de Diputados intentaba continuar con la sesi\u00f3n para tratar los proyectos de ley para cr\u00e9ditos, y luego dar paso a los proyectos antipr\u00f3rroga.<\/p>\n<p style=\"text-align: justify;\">Sesi\u00f3n<\/p>\n<p style=\"text-align: justify;\">El debate en la C\u00e1mara de Diputados para aprobar las leyes est\u00e1 estancado. La principal raz\u00f3n es la interpretaci\u00f3n de un acuerdo bicameral tripartidario del 2 de febrero.<\/p>\n<p style=\"text-align: justify;\">Los diputados no logran interpretar a\u00fan el punto 2 de dicho acuerdo. Por un lado, el arcismo reclama su cumplimiento \u201ctal cual\u201d est\u00e1 redactado, pues establece que la pr\u00f3rroga de los magistrados y los consejeros electos en 2017 sea analizada por tiempo y materia \u201cen la sesi\u00f3n siguiente\u201d a la aprobaci\u00f3n del proyecto de Ley 144 (ahora Ley 1549); y \u201cde al menos cuatro de los proyectos de ley\u201d de los cr\u00e9ditos externos.<\/p>\n<p style=\"text-align: justify;\">Contrario a eso, la oposici\u00f3n y el evismo del MAS defienden el t\u00e9rmino \u201ctiempo y materia\u201d como prioridad en el debate.<\/p>\n<p style=\"text-align: justify;\">Este jueves, organizaciones sociales encadenaron la puerta de acceso al hemiciclo de la C\u00e1mara de Diputados que se encuentra en el piso 18 de la Asamblea Legislativa, en La Paz; exigiendo el tratamiento de los cr\u00e9ditos internacionales.<\/p>\n","protected":false},"excerpt":{"rendered":"<p>Luego de m\u00e1s de 36 horas de cuarto intermedio, la sesi\u00f3n 59 de la C\u00e1mara de Diputados se reinstal\u00f3 a las 18.30 de este jueves, en medio de trifulcas por tomar la testera. Sin embargo, eso provoc\u00f3 un nuevo esc\u00e1ndalo, pues llovieron golpes entre varones y mujeres. La directiva, a la cabeza del presidente Israel [&hellip;]<\/p>\n","protected":false},"author":4,"featured_media":63875,"comment_status":"open","ping_status":"closed","sticky":false,"template":"","format":"standard","meta":{"footnotes":""},"categories":[18],"tags":[],"class_list":{"0":"post-63874","1":"post","2":"type-post","3":"status-publish","4":"format-standard","5":"has-post-thumbnail","7":"category-politica"},"_links":{"self":[{"href":"https:\/\/jms.com.bo\/mediamonitor\/wp-json\/wp\/v2\/posts\/63874","targetHints":{"allow":["GET"]}}],"collection":[{"href":"https:\/\/jms.com.bo\/mediamonitor\/wp-json\/wp\/v2\/posts"}],"about":[{"href":"https:\/\/jms.com.bo\/mediamonitor\/wp-json\/wp\/v2\/types\/post"}],"author":[{"embeddable":true,"href":"https:\/\/jms.com.bo\/mediamonitor\/wp-json\/wp\/v2\/users\/4"}],"replies":[{"embeddable":true,"href":"https:\/\/jms.com.bo\/mediamonitor\/wp-json\/wp\/v2\/comments?post=63874"}],"version-history":[{"count":0,"href":"https:\/\/jms.com.bo\/mediamonitor\/wp-json\/wp\/v2\/posts\/63874\/revisions"}],"wp:featuredmedia":[{"embeddable":true,"href":"https:\/\/jms.com.bo\/mediamonitor\/wp-json\/wp\/v2\/media\/63875"}],"wp:attachment":[{"href":"https:\/\/jms.com.bo\/mediamonitor\/wp-json\/wp\/v2\/media?parent=63874"}],"wp:term":[{"taxonomy":"category","embeddable":true,"href":"https:\/\/jms.com.bo\/mediamonitor\/wp-json\/wp\/v2\/categories?post=63874"},{"taxonomy":"post_tag","embeddable":true,"href":"https:\/\/jms.com.bo\/mediamonitor\/wp-json\/wp\/v2\/tags?post=63874"}],"curies":[{"name":"wp","href":"https:\/\/api.w.org\/{rel}","templated":true}]}}