{"id":63876,"date":"2024-03-01T07:08:50","date_gmt":"2024-03-01T11:08:50","guid":{"rendered":"https:\/\/jms.com.bo\/mediamonitor\/2024\/03\/01\/el-pacto-de-unidad-afin-a-arce-convoca-a-ampliado-para-definir-congreso-el-mas-evista-le-resta-valor\/"},"modified":"2024-03-01T07:08:50","modified_gmt":"2024-03-01T11:08:50","slug":"el-pacto-de-unidad-afin-a-arce-convoca-a-ampliado-para-definir-congreso-el-mas-evista-le-resta-valor","status":"publish","type":"post","link":"https:\/\/jms.com.bo\/mediamonitor\/2024\/03\/01\/el-pacto-de-unidad-afin-a-arce-convoca-a-ampliado-para-definir-congreso-el-mas-evista-le-resta-valor\/","title":{"rendered":"El Pacto de Unidad af\u00edn a Arce convoca a ampliado para definir congreso; el MAS evista le resta valor"},"content":{"rendered":"<p style=\"text-align: justify;\">El Pacto de Unidad af\u00edn al presidente Luis Arce convoc\u00f3 para este viernes a un ampliado para definir la fecha del X Congreso Ordinario del Movimiento Al Socialismo (MAS)-IPSS. Sin embargo, mediante un comunicado, la Direcci\u00f3n Nacional de ese partido pol\u00edtico, que respalda al expresidente Evo Morales, asegur\u00f3 que no tiene efecto legal.<\/p>\n<p style=\"text-align: justify;\">Este jueves, el secretario general de la Confederaci\u00f3n Sindical \u00danica de Trabajadores Campesinos de Bolivia (CSUTCB), Mario Se\u00f1a, lanz\u00f3 la convocatoria para el c\u00f3nclave, que se realizar\u00e1 en La Paz<\/p>\n<p style=\"text-align: justify;\">\u201cNosotros ma\u00f1ana definimos el tema del congreso y se finiquita cu\u00e1ndo va a ser, d\u00f3nde va a ser. Y tienen que venir representantes genuinos y delegados de cada organizaci\u00f3n\u201d, dijo Se\u00f1a a los periodistas.<\/p>\n<p style=\"text-align: justify;\">Explic\u00f3 que al ampliado se invit\u00f3 a los miembros de la Direcci\u00f3n Nacional del MAS-IPSP, incluido Morales.<\/p>\n<p style=\"text-align: justify;\">Asimismo, el dirigente rest\u00f3 importancia al ampliado convocado por grupos seguidores de Morales, que se desarrollar\u00e1 en la localidad cruce\u00f1a de Cuatro Ca\u00f1adas, el s\u00e1bado 2 de marzo; en el que analizar\u00e1n la coyuntura que atraviesa el pa\u00eds y ratificar\u00e1n a la direcci\u00f3n nacional de ese partido.<\/p>\n<p style=\"text-align: justify;\">El encuentro del Pacto de Unidad se realizar\u00e1 en instalaciones de la Federaci\u00f3n Nacional de Trabajadores Minero de Bolivia, en La Paz, a partir de las 10.00.<\/p>\n<p style=\"text-align: justify;\">La convocatoria se extiende a los comit\u00e9s ejecutivos nacionales en pleno de las organizaciones matrices, a los ejecutivos de sus estructuras org\u00e1nicas, federaciones departamentales y regionales, adem\u00e1s de ayllus, markas, capitan\u00edas, centrales regionales ind\u00edgenas.<\/p>\n<p style=\"text-align: justify;\">Direcci\u00f3n del MAS<\/p>\n<p style=\"text-align: justify;\">Al respecto, la Direcci\u00f3n Nacional del partido emiti\u00f3 un comunicado donde indica que seg\u00fan el art\u00edculo 27 del estatuto org\u00e1nico del partido, es atribuci\u00f3n del presidente del MAS-IPSP \u201cconvocar a Congresos Nacionales Ordinarios, Congresos Extraordinarios, Congresos Org\u00e1nicos, Ampliados Nacionales Ordinarios, Ampliados Extraordinarios y la Reuni\u00f3n de la Direcci\u00f3n Nacional, no pudiendo ninguna otra instancia convocar a estos eventos org\u00e1nicos\u201d.<\/p>\n<p style=\"text-align: justify;\">Por lo tanto, se\u00f1ala, que \u201cning\u00fan ampliado que no est\u00e9 convocado por la Direcci\u00f3n Nacional del MAS-IPSP y su presidente Evo Morales tiene efecto legal alguno sobre el instrumento pol\u00edtico\u201d.<\/p>\n<p style=\"text-align: justify;\">El Tribunal Supremo Electoral (TSE) anul\u00f3, a fines del a\u00f1o pasado, el congreso de Lauca \u00d1 en el que se hab\u00eda ratificado el liderazgo de Morales y se lo nombr\u00f3 \u201c\u00fanico candidato\u201d para las elecciones generales de 2025; adem\u00e1s, dispuso que se convoque a uno nuevo, en consenso con las organizaciones sociales matrices.<\/p>\n","protected":false},"excerpt":{"rendered":"<p>El Pacto de Unidad af\u00edn al presidente Luis Arce convoc\u00f3 para este viernes a un ampliado para definir la fecha del X Congreso Ordinario del Movimiento Al Socialismo (MAS)-IPSS. Sin embargo, mediante un comunicado, la Direcci\u00f3n Nacional de ese partido pol\u00edtico, que respalda al expresidente Evo Morales, asegur\u00f3 que no tiene efecto legal. Este jueves, [&hellip;]<\/p>\n","protected":false},"author":4,"featured_media":63877,"comment_status":"open","ping_status":"closed","sticky":false,"template":"","format":"standard","meta":{"footnotes":""},"categories":[18,48,46],"tags":[],"class_list":{"0":"post-63876","1":"post","2":"type-post","3":"status-publish","4":"format-standard","5":"has-post-thumbnail","7":"category-politica","8":"category-portada-general-sitio","9":"category-portada-politica"},"_links":{"self":[{"href":"https:\/\/jms.com.bo\/mediamonitor\/wp-json\/wp\/v2\/posts\/63876","targetHints":{"allow":["GET"]}}],"collection":[{"href":"https:\/\/jms.com.bo\/mediamonitor\/wp-json\/wp\/v2\/posts"}],"about":[{"href":"https:\/\/jms.com.bo\/mediamonitor\/wp-json\/wp\/v2\/types\/post"}],"author":[{"embeddable":true,"href":"https:\/\/jms.com.bo\/mediamonitor\/wp-json\/wp\/v2\/users\/4"}],"replies":[{"embeddable":true,"href":"https:\/\/jms.com.bo\/mediamonitor\/wp-json\/wp\/v2\/comments?post=63876"}],"version-history":[{"count":0,"href":"https:\/\/jms.com.bo\/mediamonitor\/wp-json\/wp\/v2\/posts\/63876\/revisions"}],"wp:featuredmedia":[{"embeddable":true,"href":"https:\/\/jms.com.bo\/mediamonitor\/wp-json\/wp\/v2\/media\/63877"}],"wp:attachment":[{"href":"https:\/\/jms.com.bo\/mediamonitor\/wp-json\/wp\/v2\/media?parent=63876"}],"wp:term":[{"taxonomy":"category","embeddable":true,"href":"https:\/\/jms.com.bo\/mediamonitor\/wp-json\/wp\/v2\/categories?post=63876"},{"taxonomy":"post_tag","embeddable":true,"href":"https:\/\/jms.com.bo\/mediamonitor\/wp-json\/wp\/v2\/tags?post=63876"}],"curies":[{"name":"wp","href":"https:\/\/api.w.org\/{rel}","templated":true}]}}