{"id":63888,"date":"2024-03-01T07:16:53","date_gmt":"2024-03-01T11:16:53","guid":{"rendered":"https:\/\/jms.com.bo\/mediamonitor\/2024\/03\/01\/ende-activa-mantenimiento-preventivo-y-restablece-electricidad-en-algunos-barrios-de-cobija\/"},"modified":"2024-03-01T07:16:53","modified_gmt":"2024-03-01T11:16:53","slug":"ende-activa-mantenimiento-preventivo-y-restablece-electricidad-en-algunos-barrios-de-cobija","status":"publish","type":"post","link":"https:\/\/jms.com.bo\/mediamonitor\/2024\/03\/01\/ende-activa-mantenimiento-preventivo-y-restablece-electricidad-en-algunos-barrios-de-cobija\/","title":{"rendered":"ENDE activa mantenimiento preventivo y restablece electricidad en algunos barrios de Cobija"},"content":{"rendered":"<p style=\"text-align: justify;\">La estatal ENDE Corporaci\u00f3n efect\u00faa trabajos de mantenimiento preventivo y restableci\u00f3 el servicio de energ\u00eda el\u00e9ctrica, en algunas zonas del municipio pandino de Cobija, que se vio afectado por las inundaciones provocadas por el desborde del r\u00edo Acre a causa de las intensas lluvias.<\/p>\n<p style=\"text-align: justify;\">\u201cLos grupos de emergencia est\u00e1n trabajando en los mantenimientos de la red de baja tensi\u00f3n y las acometidas, en realidad las que fueron desconectadas. Ya las aguas est\u00e1n descendiendo y de acuerdo a lo que est\u00e1n descendiendo las aguas se va a habilitar los barrios\u201d, inform\u00f3 este jueves el jefe Regional de ENDE Pando, Cristian Camacho, a los periodistas.<\/p>\n<p style=\"text-align: justify;\">Explic\u00f3 que a medida que las aguas, que inundaron las calles de Cobija, desciendan se habilitar\u00e1 los barrios. Es el caso de la zona Puerto Alto donde se desplaz\u00f3 el personal de ENDE para trabajos de mantenimiento preventivo.<\/p>\n<p style=\"text-align: justify;\">\u201cSe tiene otros grupos, (en) barrios como en el lado de Cataratas, Petrolero, verificando el descenso de las aguas para poder hacer un mantenimiento preventivo a la red y a las acometidas para poder habilitar paulatinamente todas estas zonas afectadas\u201d, dijo.<\/p>\n<p style=\"text-align: justify;\">Indic\u00f3 que mientras que las aguas bajen se rehabilitar\u00e1 circuitos para que la gente pueda tener energ\u00eda el\u00e9ctrica; asimismo, se continuar\u00e1 monitoreando constantemente a este municipio pandino afectado por los desastres naturales.<\/p>\n<p style=\"text-align: justify;\">\u201cSi vuelve la crecida del r\u00edo Acre, vamos a tener que volver a abrir los circuitos que se est\u00e1 reponiendo\u201d, a\u00f1adi\u00f3.<\/p>\n<p style=\"text-align: justify;\">Cobija fue declarado como zona de desastre natural por la magnitud del desborde del r\u00edo Acre, que alcanz\u00f3 los 17 metros e inund\u00f3 a m\u00e1s de ocho barrios y dej\u00f3 920 familias damnificadas, inform\u00f3 la alcaldesa Ana Luc\u00eda Reis.<\/p>\n","protected":false},"excerpt":{"rendered":"<p>La estatal ENDE Corporaci\u00f3n efect\u00faa trabajos de mantenimiento preventivo y restableci\u00f3 el servicio de energ\u00eda el\u00e9ctrica, en algunas zonas del municipio pandino de Cobija, que se vio afectado por las inundaciones provocadas por el desborde del r\u00edo Acre a causa de las intensas lluvias. \u201cLos grupos de emergencia est\u00e1n trabajando en los mantenimientos de la [&hellip;]<\/p>\n","protected":false},"author":4,"featured_media":63889,"comment_status":"open","ping_status":"closed","sticky":false,"template":"","format":"standard","meta":{"footnotes":""},"categories":[39,44,48],"tags":[],"class_list":{"0":"post-63888","1":"post","2":"type-post","3":"status-publish","4":"format-standard","5":"has-post-thumbnail","7":"category-energia","8":"category-portada-energia","9":"category-portada-general-sitio"},"_links":{"self":[{"href":"https:\/\/jms.com.bo\/mediamonitor\/wp-json\/wp\/v2\/posts\/63888","targetHints":{"allow":["GET"]}}],"collection":[{"href":"https:\/\/jms.com.bo\/mediamonitor\/wp-json\/wp\/v2\/posts"}],"about":[{"href":"https:\/\/jms.com.bo\/mediamonitor\/wp-json\/wp\/v2\/types\/post"}],"author":[{"embeddable":true,"href":"https:\/\/jms.com.bo\/mediamonitor\/wp-json\/wp\/v2\/users\/4"}],"replies":[{"embeddable":true,"href":"https:\/\/jms.com.bo\/mediamonitor\/wp-json\/wp\/v2\/comments?post=63888"}],"version-history":[{"count":0,"href":"https:\/\/jms.com.bo\/mediamonitor\/wp-json\/wp\/v2\/posts\/63888\/revisions"}],"wp:featuredmedia":[{"embeddable":true,"href":"https:\/\/jms.com.bo\/mediamonitor\/wp-json\/wp\/v2\/media\/63889"}],"wp:attachment":[{"href":"https:\/\/jms.com.bo\/mediamonitor\/wp-json\/wp\/v2\/media?parent=63888"}],"wp:term":[{"taxonomy":"category","embeddable":true,"href":"https:\/\/jms.com.bo\/mediamonitor\/wp-json\/wp\/v2\/categories?post=63888"},{"taxonomy":"post_tag","embeddable":true,"href":"https:\/\/jms.com.bo\/mediamonitor\/wp-json\/wp\/v2\/tags?post=63888"}],"curies":[{"name":"wp","href":"https:\/\/api.w.org\/{rel}","templated":true}]}}