{"id":63892,"date":"2024-03-01T07:19:25","date_gmt":"2024-03-01T11:19:25","guid":{"rendered":"https:\/\/jms.com.bo\/mediamonitor\/2024\/03\/01\/presidente-arce-viaja-a-cumbre-de-paises-exportadores-de-gas\/"},"modified":"2024-03-01T07:19:25","modified_gmt":"2024-03-01T11:19:25","slug":"presidente-arce-viaja-a-cumbre-de-paises-exportadores-de-gas","status":"publish","type":"post","link":"https:\/\/jms.com.bo\/mediamonitor\/2024\/03\/01\/presidente-arce-viaja-a-cumbre-de-paises-exportadores-de-gas\/","title":{"rendered":"Presidente Arce viaja a cumbre de pa\u00edses exportadores de gas"},"content":{"rendered":"<p style=\"text-align: justify;\">El presidente Luis Arce emprendi\u00f3 la noche de este jueves un viaje, primero, para participar de la VIII Cumbre de la Comunidad de Estados Latinoamericanos y Caribe\u00f1os (Celac) en San Vicente y las Granadinas, y, luego, de la VII Cumbre del Foro de Pa\u00edses Exportadores de Gas (FPEG) en la Rep\u00fablica Argelina Democr\u00e1tica y Popular.<\/p>\n<p style=\"text-align: justify;\">El vicepresidente David Choquehuanca ejercer\u00e1 la Presidencia interina hasta el retorno de Arce, quien inform\u00f3 en sus cuentas de redes sociales de la agenda internacional que cumplir\u00e1 en los pr\u00f3ximos d\u00edas.<\/p>\n<p style=\"text-align: justify;\">\u201cHacemos entrega del Bast\u00f3n de Mando a nuestro jilata vicepresidente, @LaramaDavid, antes de partir rumbo a San Vicente y las Granadinas para llevar la posici\u00f3n de #Bolivia a la VIII Cumbre de la Comunidad de Estados Latinoamericanos y Caribe\u00f1os #CELAC, un mecanismo que debe permitirnos profundizar la unidad de nuestra Am\u00e9rica y consolidar nuestra decidida participaci\u00f3n en la constituci\u00f3n de un nuevo mundo multipolar. Luego nos trasladaremos a la Rep\u00fablica Argelina Democr\u00e1tica y Popular para participar de la VII Cumbre del Foro de Pa\u00edses Exportadores de Gas #FPEG\u201d, se lee en la cuenta de redes sociales de Arce.<\/p>\n<p style=\"text-align: justify;\">Arce lleg\u00f3 a San Vicente y Granadinas pasadas las 21:00, hora boliviana del jueves, para participar de la cumbre de la Celac.<\/p>\n<p style=\"text-align: justify;\">El Foro de Pa\u00edses Exportadores de Gas esa una organizaci\u00f3n intergubernamental integrada por 11 pa\u00edses miembros y siete pa\u00edses observadores, representan el 70% de las reservas probadas de gas, el 44% de la producci\u00f3n comercializada, el 52% de los ductos construidos, y el 51% de las exportaciones de Gas Natural Licuado (GNL) en todo el mundo.<\/p>\n<p style=\"text-align: justify;\">Bolivia importa hidrocarburos<\/p>\n<p style=\"text-align: justify;\">Durante los 18 a\u00f1os de los dos gobiernos del MAS, primero por Evo Morales (2006 a 2019) y desde 2020 por Luis Arce, Bolivia pas\u00f3 de ser un exportador neto a un importador neto de hidrocarburos, de acuerdo con reportes oficiales.<\/p>\n<p style=\"text-align: justify;\">Hace una d\u00e9cada se produc\u00edan 60 millones de metros c\u00fabicos diarios de gas natural, cifra que cay\u00f3 a alrededor de 35 millones en la actualidad. Hace 10 a\u00f1os la exportaci\u00f3n bordeaba los 6.600 millones de d\u00f3lares y la importaci\u00f3n no superaba los 1.150 millones de d\u00f3lares de gasolina y di\u00e9sel. El super\u00e1vit era de 5.000 millones de d\u00f3lares. La renta gas\u00edfera (government take) era de casi 5.500 millones de d\u00f3lares.<\/p>\n<p style=\"text-align: justify;\">Hoy, en vez de super\u00e1vit existe un d\u00e9ficit en el tema hidrocarbur\u00edfero. En 2023 el pa\u00eds export\u00f3 unos 3.000 millones de d\u00f3lares de gas, pero import\u00f3 alrededor de 4.200 millones de gasolina y di\u00e9sel. El subsidio la gesti\u00f3n pasada fue de 1.800 millones de d\u00f3lares.<\/p>\n","protected":false},"excerpt":{"rendered":"<p>El presidente Luis Arce emprendi\u00f3 la noche de este jueves un viaje, primero, para participar de la VIII Cumbre de la Comunidad de Estados Latinoamericanos y Caribe\u00f1os (Celac) en San Vicente y las Granadinas, y, luego, de la VII Cumbre del Foro de Pa\u00edses Exportadores de Gas (FPEG) en la Rep\u00fablica Argelina Democr\u00e1tica y Popular. [&hellip;]<\/p>\n","protected":false},"author":4,"featured_media":63893,"comment_status":"open","ping_status":"closed","sticky":false,"template":"","format":"standard","meta":{"footnotes":""},"categories":[40,23],"tags":[],"class_list":{"0":"post-63892","1":"post","2":"type-post","3":"status-publish","4":"format-standard","5":"has-post-thumbnail","7":"category-bolivia","8":"category-hidrocarburos"},"_links":{"self":[{"href":"https:\/\/jms.com.bo\/mediamonitor\/wp-json\/wp\/v2\/posts\/63892","targetHints":{"allow":["GET"]}}],"collection":[{"href":"https:\/\/jms.com.bo\/mediamonitor\/wp-json\/wp\/v2\/posts"}],"about":[{"href":"https:\/\/jms.com.bo\/mediamonitor\/wp-json\/wp\/v2\/types\/post"}],"author":[{"embeddable":true,"href":"https:\/\/jms.com.bo\/mediamonitor\/wp-json\/wp\/v2\/users\/4"}],"replies":[{"embeddable":true,"href":"https:\/\/jms.com.bo\/mediamonitor\/wp-json\/wp\/v2\/comments?post=63892"}],"version-history":[{"count":0,"href":"https:\/\/jms.com.bo\/mediamonitor\/wp-json\/wp\/v2\/posts\/63892\/revisions"}],"wp:featuredmedia":[{"embeddable":true,"href":"https:\/\/jms.com.bo\/mediamonitor\/wp-json\/wp\/v2\/media\/63893"}],"wp:attachment":[{"href":"https:\/\/jms.com.bo\/mediamonitor\/wp-json\/wp\/v2\/media?parent=63892"}],"wp:term":[{"taxonomy":"category","embeddable":true,"href":"https:\/\/jms.com.bo\/mediamonitor\/wp-json\/wp\/v2\/categories?post=63892"},{"taxonomy":"post_tag","embeddable":true,"href":"https:\/\/jms.com.bo\/mediamonitor\/wp-json\/wp\/v2\/tags?post=63892"}],"curies":[{"name":"wp","href":"https:\/\/api.w.org\/{rel}","templated":true}]}}