{"id":63897,"date":"2024-03-01T07:23:51","date_gmt":"2024-03-01T11:23:51","guid":{"rendered":"https:\/\/jms.com.bo\/mediamonitor\/2024\/03\/01\/bloquean-el-acceso-al-campo-petrolero-margarita-por-falta-de-empleo\/"},"modified":"2024-03-01T07:23:51","modified_gmt":"2024-03-01T11:23:51","slug":"bloquean-el-acceso-al-campo-petrolero-margarita-por-falta-de-empleo","status":"publish","type":"post","link":"https:\/\/jms.com.bo\/mediamonitor\/2024\/03\/01\/bloquean-el-acceso-al-campo-petrolero-margarita-por-falta-de-empleo\/","title":{"rendered":"Bloquean el acceso al campo petrolero Margarita por falta de empleo"},"content":{"rendered":"<p style=\"text-align: justify;\">Desde hace dos dias pobladores de Palos Blancos y \u00e1reas cercanas instalaron un bloqueo pac\u00edfico en el acceso al campo petrolero Margarita. La medida, liderada por el presidente del Comit\u00e9 C\u00edvico, Juan Barrios, responde a la creciente preocupaci\u00f3n por la escasez de oportunidades laborales en la regi\u00f3n.<\/p>\n<p style=\"text-align: justify;\">Seg\u00fan lo informado por Barrios, la acci\u00f3n se debe a la insuficiente oferta de empleos para los residentes locales, a pesar del ingreso de nuevas empresas en la zona. Los habitantes del Campo Margarita, especialmente aquellos en Palos Blancos, buscan oportunidades laborales, particularmente en el sector del catering para atender a las plantas vinculadas al bloque Caipipendi.<\/p>\n<p style=\"text-align: justify;\">Si bien en Bolivia la Ley de Hidrocarburos 3058 o la Ley de Promoci\u00f3n del Empleo Departamental 066, aprobada por la Asamblea Legislativa Departamental (ALDT), hablan de priorizar la contrataci\u00f3n de mano de obra local, los reclamos por parte de los pobladores de las \u00e1reas de influencia de los proyectos de explotaci\u00f3n de hidrocarburos en Tarija siempre han sido una constante.<\/p>\n<p style=\"text-align: justify;\">El bloqueo, llevado a cabo de manera pac\u00edfica, busca llamar la atenci\u00f3n de las autoridades y de la industria petrolera sobre la necesidad urgente de crear empleo para los habitantes locales. Los manifestantes esperan que esta medida conduzca a un di\u00e1logo constructivo y a soluciones concretas para abordar la situaci\u00f3n laboral en la regi\u00f3n.<\/p>\n","protected":false},"excerpt":{"rendered":"<p>Desde hace dos dias pobladores de Palos Blancos y \u00e1reas cercanas instalaron un bloqueo pac\u00edfico en el acceso al campo petrolero Margarita. La medida, liderada por el presidente del Comit\u00e9 C\u00edvico, Juan Barrios, responde a la creciente preocupaci\u00f3n por la escasez de oportunidades laborales en la regi\u00f3n. Seg\u00fan lo informado por Barrios, la acci\u00f3n se [&hellip;]<\/p>\n","protected":false},"author":4,"featured_media":63898,"comment_status":"open","ping_status":"closed","sticky":false,"template":"","format":"standard","meta":{"footnotes":""},"categories":[40,23,48,43],"tags":[],"class_list":{"0":"post-63897","1":"post","2":"type-post","3":"status-publish","4":"format-standard","5":"has-post-thumbnail","7":"category-bolivia","8":"category-hidrocarburos","9":"category-portada-general-sitio","10":"category-portada-oil-gas"},"_links":{"self":[{"href":"https:\/\/jms.com.bo\/mediamonitor\/wp-json\/wp\/v2\/posts\/63897","targetHints":{"allow":["GET"]}}],"collection":[{"href":"https:\/\/jms.com.bo\/mediamonitor\/wp-json\/wp\/v2\/posts"}],"about":[{"href":"https:\/\/jms.com.bo\/mediamonitor\/wp-json\/wp\/v2\/types\/post"}],"author":[{"embeddable":true,"href":"https:\/\/jms.com.bo\/mediamonitor\/wp-json\/wp\/v2\/users\/4"}],"replies":[{"embeddable":true,"href":"https:\/\/jms.com.bo\/mediamonitor\/wp-json\/wp\/v2\/comments?post=63897"}],"version-history":[{"count":0,"href":"https:\/\/jms.com.bo\/mediamonitor\/wp-json\/wp\/v2\/posts\/63897\/revisions"}],"wp:featuredmedia":[{"embeddable":true,"href":"https:\/\/jms.com.bo\/mediamonitor\/wp-json\/wp\/v2\/media\/63898"}],"wp:attachment":[{"href":"https:\/\/jms.com.bo\/mediamonitor\/wp-json\/wp\/v2\/media?parent=63897"}],"wp:term":[{"taxonomy":"category","embeddable":true,"href":"https:\/\/jms.com.bo\/mediamonitor\/wp-json\/wp\/v2\/categories?post=63897"},{"taxonomy":"post_tag","embeddable":true,"href":"https:\/\/jms.com.bo\/mediamonitor\/wp-json\/wp\/v2\/tags?post=63897"}],"curies":[{"name":"wp","href":"https:\/\/api.w.org\/{rel}","templated":true}]}}