{"id":64037,"date":"2024-03-07T07:19:43","date_gmt":"2024-03-07T11:19:43","guid":{"rendered":"https:\/\/jms.com.bo\/mediamonitor\/2024\/03\/07\/la-att-revoca-definitivamente-licencia-de-radio-fm-bolivia-por-infringir-normas\/"},"modified":"2024-03-07T07:19:43","modified_gmt":"2024-03-07T11:19:43","slug":"la-att-revoca-definitivamente-licencia-de-radio-fm-bolivia-por-infringir-normas","status":"publish","type":"post","link":"https:\/\/jms.com.bo\/mediamonitor\/2024\/03\/07\/la-att-revoca-definitivamente-licencia-de-radio-fm-bolivia-por-infringir-normas\/","title":{"rendered":"La ATT revoca definitivamente licencia de radio FM Bolivia por infringir normas"},"content":{"rendered":"<p style=\"text-align: justify;\">La Autoridad de Regulaci\u00f3n y Fiscalizaci\u00f3n de Telecomunicaciones y Transportes (ATT) determin\u00f3 revocar de manera definitiva la licencia de operaciones a radio FM Bolivia por infringir las normas en reiteradas ocasiones desde 2014.<\/p>\n<p style=\"text-align: justify;\">El director de la ATT, N\u00e9stor R\u00edos, inform\u00f3 que la medida fue asumida en febrero de este a\u00f1o luego de que la emisora ampliara su cobertura a otras localidades en los Yungas de La Paz, como Irupana, Coripata y Puente Villa, cuando solo ten\u00eda autorizaci\u00f3n para operar en Chulumani.<\/p>\n<p style=\"text-align: justify;\">\u201cEste ente regulador ya revoc\u00f3 su licencia y ah\u00ed est\u00e1 la resoluci\u00f3n en febrero (de este a\u00f1o) se ha revocado su licencia (\u2026). Lo que se le ha acusado es que este operador no cumpl\u00eda con los par\u00e1metros de la licencia que el mismo ha obtenido en Chulumani\u201d, inform\u00f3 R\u00edos.<\/p>\n<p style=\"text-align: justify;\">Record\u00f3 que, en dos oportunidades, la ATT sancion\u00f3 a FM Bolivia con 5.250 UFV (Unidad de Fomento de Vivienda), equivalente a unos Bs 13.037. Sin embargo, el operador reconoci\u00f3 la infracci\u00f3n y se acogi\u00f3 al perd\u00f3n econ\u00f3mico y solo pag\u00f3 el 50% de la multa.<\/p>\n<p style=\"text-align: justify;\">R\u00edos sostuvo el 11 de febrero que FM Bolivia, al igual que otros 1.414 operadores en \u00e1reas urbanas, fue fiscalizado en 2023 y fue sancionado como a 233 radioemisoras, de las que 148 estaban fuera de los par\u00e1metros autorizados. Mientras que, en el \u00e1rea rural, donde hay 734 operadores autorizados a escala nacional, 85 estaban fuera de los par\u00e1metros t\u00e9cnicos.<\/p>\n<p style=\"text-align: justify;\">\u201cEn 2023 hemos revocado licencias, (FM Bolivia) no es la \u00fanica radio multada; nosotros vamos sancionando a diferentes operadores. Hemos revocado 17 resoluciones en 2023 y hemos iniciado 52 procesos con multas econ\u00f3micas; entonces ah\u00ed est\u00e1 la labor de la ATT t\u00e9cnica, transparente y apegadas a la ley y al debido proceso\u201d, subray\u00f3 R\u00edos.<\/p>\n<p style=\"text-align: justify;\">V\u00edctima<\/p>\n<p style=\"text-align: justify;\">Indic\u00f3 que, ahora, los propietarios de FM Bolivia pretenden victimizarse con el argumento de que existe una persecuci\u00f3n pol\u00edtica contra la emisora.<\/p>\n<p style=\"text-align: justify;\">\u201cSe trata de victimizar diciendo que va a suspender de manera voluntaria sus emisiones y eso no es cierto; lo que pasa es que este operador sabe que la conducta reiterada por m\u00e1s de ocho a\u00f1os por incumplir sus par\u00e1metros tiene como sanci\u00f3n de \u00faltima ratio la revocatoria definitiva de su licencia\u201d, remarc\u00f3 el funcionario.<\/p>\n<p style=\"text-align: justify;\">En los operativos realizados por la autoridad fiscalizadora se verific\u00f3 que exist\u00edan seis repetidoras ilegales que transmit\u00edan la se\u00f1al de FM Bolivia y secuestr\u00f3 esos equipos.<\/p>\n<p style=\"text-align: justify;\">En criterio de R\u00edos, existe un financiamiento irregular para adquirir esos equipos, que por eso pretendieron impedir el comiso de esos artefactos.<\/p>\n<p style=\"text-align: justify;\">Denunci\u00f3 que en esos operativos fueron atacados por personas armadas que buscaban recuperar los equipos. Ahora, el caso est\u00e1 en proceso de investigaci\u00f3n para identificar a quienes atacaron al personal de la ATT.<\/p>\n<p style=\"text-align: justify;\">\u201cSe han robado los equipos secuestrados, son ocho personas que pretend\u00eda recuperar los equipos\u201d, denunci\u00f3 R\u00edos.<\/p>\n<p style=\"text-align: justify;\">La ATT es el ente regulador para la otorgaci\u00f3n de licencias para el uso de frecuencias radioel\u00e9ctricas, que define plazos, \u00e1reas de cobertura y licitaci\u00f3n previa.<\/p>\n","protected":false},"excerpt":{"rendered":"<p>La Autoridad de Regulaci\u00f3n y Fiscalizaci\u00f3n de Telecomunicaciones y Transportes (ATT) determin\u00f3 revocar de manera definitiva la licencia de operaciones a radio FM Bolivia por infringir las normas en reiteradas ocasiones desde 2014. El director de la ATT, N\u00e9stor R\u00edos, inform\u00f3 que la medida fue asumida en febrero de este a\u00f1o luego de que la [&hellip;]<\/p>\n","protected":false},"author":4,"featured_media":64038,"comment_status":"open","ping_status":"closed","sticky":false,"template":"","format":"standard","meta":{"footnotes":""},"categories":[20],"tags":[],"class_list":{"0":"post-64037","1":"post","2":"type-post","3":"status-publish","4":"format-standard","5":"has-post-thumbnail","7":"category-actualidad"},"_links":{"self":[{"href":"https:\/\/jms.com.bo\/mediamonitor\/wp-json\/wp\/v2\/posts\/64037","targetHints":{"allow":["GET"]}}],"collection":[{"href":"https:\/\/jms.com.bo\/mediamonitor\/wp-json\/wp\/v2\/posts"}],"about":[{"href":"https:\/\/jms.com.bo\/mediamonitor\/wp-json\/wp\/v2\/types\/post"}],"author":[{"embeddable":true,"href":"https:\/\/jms.com.bo\/mediamonitor\/wp-json\/wp\/v2\/users\/4"}],"replies":[{"embeddable":true,"href":"https:\/\/jms.com.bo\/mediamonitor\/wp-json\/wp\/v2\/comments?post=64037"}],"version-history":[{"count":0,"href":"https:\/\/jms.com.bo\/mediamonitor\/wp-json\/wp\/v2\/posts\/64037\/revisions"}],"wp:featuredmedia":[{"embeddable":true,"href":"https:\/\/jms.com.bo\/mediamonitor\/wp-json\/wp\/v2\/media\/64038"}],"wp:attachment":[{"href":"https:\/\/jms.com.bo\/mediamonitor\/wp-json\/wp\/v2\/media?parent=64037"}],"wp:term":[{"taxonomy":"category","embeddable":true,"href":"https:\/\/jms.com.bo\/mediamonitor\/wp-json\/wp\/v2\/categories?post=64037"},{"taxonomy":"post_tag","embeddable":true,"href":"https:\/\/jms.com.bo\/mediamonitor\/wp-json\/wp\/v2\/tags?post=64037"}],"curies":[{"name":"wp","href":"https:\/\/api.w.org\/{rel}","templated":true}]}}