{"id":64041,"date":"2024-03-07T07:22:27","date_gmt":"2024-03-07T11:22:27","guid":{"rendered":"https:\/\/jms.com.bo\/mediamonitor\/2024\/03\/07\/carlos-mesa-presenta-propuesta-de-primarias-en-oposicion\/"},"modified":"2024-03-07T07:22:27","modified_gmt":"2024-03-07T11:22:27","slug":"carlos-mesa-presenta-propuesta-de-primarias-en-oposicion","status":"publish","type":"post","link":"https:\/\/jms.com.bo\/mediamonitor\/2024\/03\/07\/carlos-mesa-presenta-propuesta-de-primarias-en-oposicion\/","title":{"rendered":"Carlos Mesa presenta propuesta de primarias en oposici\u00f3n"},"content":{"rendered":"<p style=\"text-align: justify;\">El l\u00edder de Comunidad Ciudadana (CC), Carlos Mesa, present\u00f3 este mi\u00e9rcoles el proyecto de ley, para que las elecciones primarias de binomios presidenciales sean abiertas para toda la ciudadan\u00eda y cuyo objetivo es promover la democratizaci\u00f3n de los partidos, adem\u00e1s de establecer una candidatura de unidad para la oposici\u00f3n.<\/p>\n<p style=\"text-align: justify;\">La propuesta se denomina Ley de Primarias Abiertas, Simult\u00e1neas, Obligatorias Y Competitivas (PASOC).<\/p>\n<p style=\"text-align: justify;\">En estas elecciones primarias se elegir\u00edan a los binomios que representen a cada frente pol\u00edtico.<\/p>\n<p style=\"text-align: justify;\">Seg\u00fan Mesa, con esta modalidad se profundizar\u00e1 la democracia en las organizaciones pol\u00edticas, pero tambi\u00e9n se pretende \u201cabrir un espacio realmente competitivo y adem\u00e1s legal a la oposici\u00f3n para poder construir un espacio de unidad, a partir de un mecanismo cre\u00edble y que est\u00e9 en manos del voto popular\u201d.<\/p>\n<p style=\"text-align: justify;\">A diferencia de la actual norma que s\u00f3lo permite votar a militantes en elecciones primarias de binomios, la propuesta de CC plantea que todo ciudadano pueda emitir su voto de acuerdo con el Padr\u00f3n Electoral.<\/p>\n<p style=\"text-align: justify;\">El l\u00edder de CC dijo que con las primarias en esta modalidad se podr\u00eda llegar a una unidad de la oposici\u00f3n a trav\u00e9s del voto abierto, sin militancia pol\u00edtica, y que no se decida a trav\u00e9s de subjetividades, encuestas o mecanismos poco cre\u00edbles.<\/p>\n<p style=\"text-align: justify;\">Explic\u00f3 que los resultados de estas elecciones primerias deben ser obligatorios, para que s\u00f3lo el vencedor en cada frente pol\u00edtico sea incluido en la papeleta de la elecci\u00f3n general.<\/p>\n<p style=\"text-align: justify;\">Asimismo, la propuesta de ley plantea que cada frente pol\u00edtico presente al menos dos binomios para participar de las primarias, para as\u00ed evitar situaciones como la de 2019, cuando cada partido s\u00f3lo ten\u00eda un binomio.<\/p>\n<p style=\"text-align: justify;\">Mesa sugiri\u00f3 tambi\u00e9n que el cronograma de las primarias se concentre en 2025, para votar en julio, 60 d\u00edas antes de las generales, y no c\u00f3mo ahora que se pretende llevar la elecci\u00f3n a cabo en 2024.<\/p>\n<p style=\"text-align: justify;\">Considera que hacer las primarias este a\u00f1o \u201cno tiene ning\u00fan sentido, no tiene ninguna l\u00f3gica\u201d.<\/p>\n<p style=\"text-align: justify;\">Camacho<\/p>\n<p style=\"text-align: justify;\">Por su parte, el gobernador elector de Santa Cruz, Luis Fernando Camacho, expres\u00f3 su respaldo a la propuesta presentada por Comunidad Ciudadana.<\/p>\n<p style=\"text-align: justify;\">En una carta firmada en el penal de Chonchocoro, Camacho se\u00f1al\u00f3 que con esta modalidad ser\u00e1n \u201clos propios ciudadanos quienes elijan con su voto al mejor candidato, para sacar de la crisis al pa\u00eds y para recuperar la democracia\u201d.<\/p>\n","protected":false},"excerpt":{"rendered":"<p>El l\u00edder de Comunidad Ciudadana (CC), Carlos Mesa, present\u00f3 este mi\u00e9rcoles el proyecto de ley, para que las elecciones primarias de binomios presidenciales sean abiertas para toda la ciudadan\u00eda y cuyo objetivo es promover la democratizaci\u00f3n de los partidos, adem\u00e1s de establecer una candidatura de unidad para la oposici\u00f3n. La propuesta se denomina Ley de [&hellip;]<\/p>\n","protected":false},"author":4,"featured_media":64042,"comment_status":"open","ping_status":"closed","sticky":false,"template":"","format":"standard","meta":{"footnotes":""},"categories":[18],"tags":[],"class_list":{"0":"post-64041","1":"post","2":"type-post","3":"status-publish","4":"format-standard","5":"has-post-thumbnail","7":"category-politica"},"_links":{"self":[{"href":"https:\/\/jms.com.bo\/mediamonitor\/wp-json\/wp\/v2\/posts\/64041","targetHints":{"allow":["GET"]}}],"collection":[{"href":"https:\/\/jms.com.bo\/mediamonitor\/wp-json\/wp\/v2\/posts"}],"about":[{"href":"https:\/\/jms.com.bo\/mediamonitor\/wp-json\/wp\/v2\/types\/post"}],"author":[{"embeddable":true,"href":"https:\/\/jms.com.bo\/mediamonitor\/wp-json\/wp\/v2\/users\/4"}],"replies":[{"embeddable":true,"href":"https:\/\/jms.com.bo\/mediamonitor\/wp-json\/wp\/v2\/comments?post=64041"}],"version-history":[{"count":0,"href":"https:\/\/jms.com.bo\/mediamonitor\/wp-json\/wp\/v2\/posts\/64041\/revisions"}],"wp:featuredmedia":[{"embeddable":true,"href":"https:\/\/jms.com.bo\/mediamonitor\/wp-json\/wp\/v2\/media\/64042"}],"wp:attachment":[{"href":"https:\/\/jms.com.bo\/mediamonitor\/wp-json\/wp\/v2\/media?parent=64041"}],"wp:term":[{"taxonomy":"category","embeddable":true,"href":"https:\/\/jms.com.bo\/mediamonitor\/wp-json\/wp\/v2\/categories?post=64041"},{"taxonomy":"post_tag","embeddable":true,"href":"https:\/\/jms.com.bo\/mediamonitor\/wp-json\/wp\/v2\/tags?post=64041"}],"curies":[{"name":"wp","href":"https:\/\/api.w.org\/{rel}","templated":true}]}}