{"id":64043,"date":"2024-03-07T07:23:39","date_gmt":"2024-03-07T11:23:39","guid":{"rendered":"https:\/\/jms.com.bo\/mediamonitor\/2024\/03\/07\/el-gobernador-suplente-aguilera-sera-convocado-como-testigo-en-el-caso-decretazo\/"},"modified":"2024-03-07T07:23:39","modified_gmt":"2024-03-07T11:23:39","slug":"el-gobernador-suplente-aguilera-sera-convocado-como-testigo-en-el-caso-decretazo","status":"publish","type":"post","link":"https:\/\/jms.com.bo\/mediamonitor\/2024\/03\/07\/el-gobernador-suplente-aguilera-sera-convocado-como-testigo-en-el-caso-decretazo\/","title":{"rendered":"El gobernador suplente Aguilera ser\u00e1 convocado como testigo en el caso Decretazo"},"content":{"rendered":"<p style=\"text-align: justify;\">Mart\u00edn Camacho, abogado del gobernador encarcelado Luis Fernando Camacho, se\u00f1al\u00f3 este mi\u00e9rcoles que el gobernador en suplencia, Mario Aguilera, ser\u00e1 convocado como testigo en el caso Decretazo, tanto por el Ministerio P\u00fablico como la defensa.<\/p>\n<p style=\"text-align: justify;\">\u201cEl Ministerio P\u00fablico ha ofrecido 16 testigos, eso es algo que hay que admirar, ya se est\u00e1n haciendo las notificaciones para que sus testigos est\u00e9n presentes el lunes. De sus testigos, la mayor\u00eda son funcionarios de la Gobernaci\u00f3n, incluido el gobernador suplente Mario Aguilera va a ser citado\u201d, dijo el jurista, a la red Unitel.<\/p>\n<p style=\"text-align: justify;\">A\u00f1adi\u00f3 que como defensa ofrecieron 17 testigos que brindar\u00e1n su declaraci\u00f3n luego de los del Ministerio P\u00fablico.<\/p>\n<p style=\"text-align: justify;\">El lunes 11, a las 13.30, comenzar\u00e1 el juicio oral contra el gobernador electo. Los antecedentes datan de marzo de 2022, cuando Camacho viaj\u00f3 a Brasil a un encuentro de gobernadores de la regi\u00f3n y encarg\u00f3 sus funciones al entonces secretario de Gesti\u00f3n Institucional, Miguel \u00c1ngel Navarro, en vez de hacerlo al vicegobernador Mario Aguilera. Con ese fin, promulg\u00f3 el Decreto Departamental 373.<\/p>\n<p style=\"text-align: justify;\">Seg\u00fan el Estatuto Auton\u00f3mico de Santa Cruz, en ausencia del Gobernador, el cargo debe ser ocupado por el Vicegobernador. Entonces, la medida fue cuestionada por el mismo Aguilera, quien denunci\u00f3 que no fue notificado con el reemplazo y que el decreto hab\u00eda sido \u201cbajado\u201d despu\u00e9s de la Gaceta Departamental.<\/p>\n<p style=\"text-align: justify;\">El abogado reiter\u00f3 que el Tribunal de Sentencia N\u00b0 8, del Tribunal Departamental de Justicia de Santa Cruz, ratific\u00f3 que el juicio oral se lleve de manera presencial y no como hab\u00edan solicitado asamble\u00edstas del Movimiento Al Socialismo (MAS), de manera virtual.<\/p>\n<p style=\"text-align: justify;\">\u201cEl Gobernador tiene que ser trasladado a Santa Cruz con un d\u00eda de anticipaci\u00f3n. Es decir, el domingo 10 de marzo ya deber\u00eda estar en Santa Cruz en el centro de Palmasola. \u00c9l deber\u00e1 permanecer en el penal (cruce\u00f1o) mientras dure el juicio oral. El juicio puede suspenderse un d\u00eda, pero va a continuar el d\u00eda siguiente y as\u00ed sucesivamente hasta que se dicte la sentencia\u201d.<\/p>\n<p style=\"text-align: justify;\">Camacho est\u00e1 detenido en el marco de las investigaciones del caso Golpe de Estado I, que investiga el derrocamiento del presidente Evo Morales en noviembre de 2019, quien renunci\u00f3 asfixiado por denuncias de fraude electoral, protestas c\u00edvicas lideradas por Camacho como dirigente cruce\u00f1o, un mot\u00edn policial y la presi\u00f3n de las Fuerzas Armadas.<\/p>\n<p style=\"text-align: justify;\">Actualmente, Aguilera es el gobernador suplente, tras un fallo del Tribunal Constitucional que orden\u00f3 su posesi\u00f3n ante la imposibilidad de Camacho para dirigir la Gobernaci\u00f3n. Esto fue cumplido a rega\u00f1adientes por la Asamblea Legislativa Departamental y la alianza pol\u00edtica Creemos.<\/p>\n","protected":false},"excerpt":{"rendered":"<p>Mart\u00edn Camacho, abogado del gobernador encarcelado Luis Fernando Camacho, se\u00f1al\u00f3 este mi\u00e9rcoles que el gobernador en suplencia, Mario Aguilera, ser\u00e1 convocado como testigo en el caso Decretazo, tanto por el Ministerio P\u00fablico como la defensa. \u201cEl Ministerio P\u00fablico ha ofrecido 16 testigos, eso es algo que hay que admirar, ya se est\u00e1n haciendo las notificaciones [&hellip;]<\/p>\n","protected":false},"author":4,"featured_media":64044,"comment_status":"open","ping_status":"closed","sticky":false,"template":"","format":"standard","meta":{"footnotes":""},"categories":[18],"tags":[],"class_list":{"0":"post-64043","1":"post","2":"type-post","3":"status-publish","4":"format-standard","5":"has-post-thumbnail","7":"category-politica"},"_links":{"self":[{"href":"https:\/\/jms.com.bo\/mediamonitor\/wp-json\/wp\/v2\/posts\/64043","targetHints":{"allow":["GET"]}}],"collection":[{"href":"https:\/\/jms.com.bo\/mediamonitor\/wp-json\/wp\/v2\/posts"}],"about":[{"href":"https:\/\/jms.com.bo\/mediamonitor\/wp-json\/wp\/v2\/types\/post"}],"author":[{"embeddable":true,"href":"https:\/\/jms.com.bo\/mediamonitor\/wp-json\/wp\/v2\/users\/4"}],"replies":[{"embeddable":true,"href":"https:\/\/jms.com.bo\/mediamonitor\/wp-json\/wp\/v2\/comments?post=64043"}],"version-history":[{"count":0,"href":"https:\/\/jms.com.bo\/mediamonitor\/wp-json\/wp\/v2\/posts\/64043\/revisions"}],"wp:featuredmedia":[{"embeddable":true,"href":"https:\/\/jms.com.bo\/mediamonitor\/wp-json\/wp\/v2\/media\/64044"}],"wp:attachment":[{"href":"https:\/\/jms.com.bo\/mediamonitor\/wp-json\/wp\/v2\/media?parent=64043"}],"wp:term":[{"taxonomy":"category","embeddable":true,"href":"https:\/\/jms.com.bo\/mediamonitor\/wp-json\/wp\/v2\/categories?post=64043"},{"taxonomy":"post_tag","embeddable":true,"href":"https:\/\/jms.com.bo\/mediamonitor\/wp-json\/wp\/v2\/tags?post=64043"}],"curies":[{"name":"wp","href":"https:\/\/api.w.org\/{rel}","templated":true}]}}